{"id":10746,"date":"2024-10-10T02:29:59","date_gmt":"2024-10-10T02:29:59","guid":{"rendered":"https:\/\/www.fitpass.com\/mx\/blog\/?p=10746"},"modified":"2024-10-10T02:29:59","modified_gmt":"2024-10-10T02:29:59","slug":"que-es-la-respiracion-consciente-y-como-la-aplico-a-mi-rutina-de-ejercicio","status":"publish","type":"post","link":"https:\/\/www.fitpass.com\/mx\/blog\/2024\/10\/10\/que-es-la-respiracion-consciente-y-como-la-aplico-a-mi-rutina-de-ejercicio\/","title":{"rendered":"\u00bfQu\u00e9 es la respiraci\u00f3n consciente y c\u00f3mo la aplico a mi rutina de ejercicio?"},"content":{"rendered":"<p><span style=\"font-weight: 400;\">Pasa mucho. Piensa en la primera vez que fuiste al gym: muy probablemente, acabaste con el cuerpo adolorido y sin aliento. Por el esfuerzo f\u00edsico, la m\u00fasica, el reflejo en el espejo y las ganas de hacer m\u00e1s repeticiones, <\/span><b>seguramente te olvidaste de respirar<\/b><span style=\"font-weight: 400;\">.\u00a0<\/span><\/p>\n<p><span style=\"font-weight: 400;\">Aunque parezca una trivialidad, no lo es. Por el contrario, seg\u00fan nos explica la maestra de yoga Ana Patricia L\u00f3pez, el control de la respiraci\u00f3n es vital para controlar cu\u00e1nta energ\u00eda usas al mover el cuerpo. Sobre c\u00f3mo se aplica en el yoga, y c\u00f3mo llevarlo a otras disciplinas, esto fue lo que nos cont\u00f3 en entrevista para Fitpass M\u00e9xico.<\/span><\/p>\n<p><span style=\"font-weight: 400;\">\u00a0<\/span><\/p>\n<p><b>\u2060\u2060<\/b><b>\u00bfQu\u00e9 es el pranayama y c\u00f3mo se aplica en la pr\u00e1ctica de yoga?<\/b><\/p>\n<p><span style=\"font-weight: 400;\">Es una realidad que,<\/span> <span style=\"font-weight: 400;\">cuando nos acercamos por primera vez a la actividad f\u00edsica, <\/span><b>tendemos a descuidar la respiraci\u00f3n consciente<\/b><span style=\"font-weight: 400;\">. Tambi\u00e9n puede ser que ya llevemos mucho tiempo yendo al gimnasio, sin considerar el flujo constante de la respiraci\u00f3n. Para entender m\u00e1s a fondo c\u00f3mo conectar con ella, Ana recomienda irnos a las bases: \u00a0\u201cla respiraci\u00f3n consciente <\/span><b>despierta al llevar nuestra\u00a0atenci\u00f3n\u00a0hacia ella observando el proceso<\/b><span style=\"font-weight: 400;\">\u201d, explica la especialista.\u00a0<\/span><\/p>\n<p><span style=\"font-weight: 400;\">Desde hace unos 4 mil 500 a\u00f1os, en India se desarroll\u00f3 el \u2018pranayama\u2019: el control de la respiraci\u00f3n. \u201cEtimol\u00f3gicamente\u201d, detalla L\u00f3pez, se divide en dos: \u201c<\/span><b><i>Prana<\/i><\/b><b>, [que es la] energ\u00eda vital, y <\/b><b><i>Yama<\/i><\/b><b>: restricci\u00f3n<\/b><span style=\"font-weight: 400;\">\u201d. Los yoguis de hace 4 milenios consideraban que, al modular conscientemente este flujo, podr\u00edan alcanzar un estado m\u00e1s elevado de consciencia. El <\/span><b>desempe\u00f1o f\u00edsico aumentado<\/b><span style=\"font-weight: 400;\"> era s\u00f3lo una de las consecuencias positivas de esta pr\u00e1ctica milenaria.\u00a0<\/span><\/p>\n<p><span style=\"font-weight: 400;\">Como maestra de yoga en varios estudios de la Ciudad de M\u00e9xico, Ana sabe que \u201c<\/span><b>la pr\u00e1ctica\u00a0de <\/b><b><i>pranayama<\/i><\/b><b> va mucho m\u00e1s all\u00e1 de eso<\/b><span style=\"font-weight: 400;\">\u201d. Adem\u00e1s de que, claro, nos permite mayor resistencia f\u00edsica y aumentar la capacidad pulmonar, \u201c<\/span><b>la respiraci\u00f3n es el puente entre nuestra mente y nuestro cuerpo<\/b><span style=\"font-weight: 400;\">, es nuestro camino directo al sistema nervioso y la posibilidad de regularlo\u201d.\u00a0<\/span><\/p>\n<p>&nbsp;<\/p>\n<p><b>Si nunca he hecho yoga, \u00bfc\u00f3mo aplico la respiraci\u00f3n consciente a mi rutina de ejercicio?<\/b><\/p>\n<p><span style=\"font-weight: 400;\">Es una creencia extendida que la respiraci\u00f3n consciente <\/span><b>s\u00f3lo nos ayuda a bajar la ansiedad<\/b><span style=\"font-weight: 400;\"> o a conectar con el presente desde la calma. Sin embargo, como una pr\u00e1ctica ampliamente desarrollada en India, que se entiende como una serie de t\u00e9cnicas para la \u2018expansi\u00f3n de la fuerza vital\u2019, hay una <\/span><b>amplia variedad de aplicaciones del <\/b><b><i>pranayama<\/i><\/b><span style=\"font-weight: 400;\"> para distintos contextos y necesidades.\u00a0<\/span><\/p>\n<p><span style=\"font-weight: 400;\">Visto de otra manera, es que es posible \u201c<\/span><b>aprender t\u00e9cnicas con objetivos m\u00e1s espec\u00edficos<\/b><span style=\"font-weight: 400;\">\u201d, explica Ana L\u00f3pez. Con respecto a si puedes aplicar la respiraci\u00f3n consciente a tu rutina de ejercicio, practiques o no yoga, la especialista es contundente: \u201c<\/span><b>Siempre<\/b><span style=\"font-weight: 400;\">\u201d. Seg\u00fan su experiencia de varios a\u00f1os como maestra de distintos estilos de yoga, \u00e9sta es \u201c una herramienta accesible a la que todes podemos recurrir\u201d. Particularmente, para \u201c<\/span><b>ponerla al servicio de nuestro bienestar<\/b><span style=\"font-weight: 400;\">\u201d.\u00a0<\/span><\/p>\n<p><span style=\"font-weight: 400;\">En la actualidad, el internet nos permite acceso a una baraja nutrida de opciones para aprender a controlar la respiraci\u00f3n. Desde <\/span><b>videos en YouTube, hasta podcasts<\/b><span style=\"font-weight: 400;\">: todos estos recursos est\u00e1n disponibles, muchas veces, de manera gratuita. Si lo tuyo es tomar clases presenciales, Fitpass es la plataforma para incursionar en la respiraci\u00f3n consciente. Sobre todo, porque te ofrece las mejores opciones de studios y profesionales, que <\/span><b>se adaptan a tus necesidades y ubicaci\u00f3n en tiempo real<\/b><span style=\"font-weight: 400;\">.\u00a0<\/span><\/p>\n<p><span style=\"font-weight: 400;\">Ana Patricia L\u00f3pez concuerda con ello. Al respecto, enfatiza que, actualmente, \u201cexiste una oferta de clases y talleres de trabajo de respiraci\u00f3n\u201d. Finalmente, concluye la especialista, \u201cya estamos respirando, todo el tiempo. <\/span><b>S\u00f3lo hace falta observar<\/b><span style=\"font-weight: 400;\">.\u201d\u00a0<\/span><\/p>\n<p><b><i>Ana Patricia L\u00f3pez comenz\u00f3 su camino en la ense\u00f1anza de yoga en 2015 y desde\u00a0entonces y hasta ahora, la pr\u00e1ctica es para ella un espacio de autoconocimiento y cambio\u00a0que se crea adentro y se expande en amor y\u00a0evoluci\u00f3n hacia afuera. Le encanta crear secuencias de yoga creativas enfocadas en Vinyasa y Restaurativo que siempre integren respiraci\u00f3n consciente y meditaci\u00f3n. Actualmente\u00a0Ana comparte clases en Bodai y diversos estudios de la CDMX.\u00a0<\/i><\/b><\/p>\n<p id=\"viewer-fkpaf\" class=\"mm8Nw _1j-51 roLFQS _1FoOD _3M0Fe Z63qyL roLFQS public-DraftStyleDefault-block-depth0 fixed-tab-size public-DraftStyleDefault-text-ltr\" style=\"text-align: center;\"><span class=\"_2PHJq public-DraftStyleDefault-ltr\"><strong><u class=\"_3zM-5\">Acerca de Fitpass<\/u><\/strong>\u00a0<\/span><\/p>\n<p class=\"mm8Nw _1j-51 roLFQS _1FoOD _3M0Fe Z63qyL roLFQS public-DraftStyleDefault-block-depth0 fixed-tab-size public-DraftStyleDefault-text-ltr\"><span class=\"_2PHJq public-DraftStyleDefault-ltr\"><em>Fitpass es una empresa mexicana constituida en 2015. Busca mejorar los h\u00e1bitos de nuestra sociedad a trav\u00e9s de sus plataformas: App, p\u00e1gina web, blog, tienda en l\u00ednea y estrategias digitales. Ofreciendo as\u00ed el mejor producto y experiencia para sus usuarios, studios boutique, centros, gimnasios y marcas aliadas, con el objetivo principal de apoyar y crecer la industria de fitness en M\u00e9xico y LATAM.<\/em><\/span><\/p>\n<p><strong>Por: Andrea Fischer<\/strong><\/p>\n<p>______________<\/p>\n<p><strong>Andrea Fischer<\/strong> realiz\u00f3 su certificaci\u00f3n de 200h en la sede holandesa Arhanta Yoga Ashrams. Con m\u00e1s de 10 a\u00f1os de pr\u00e1ctica personal, fund\u00f3 Bodai Yoga (@bodaiyoga): un estudio boutique en la CDMX, en enero de 2022. Desde entonces, el espacio es partner de Fitpass. Ha sido editora de\u00a0<a href=\"https:\/\/www.ngenespanol.com\/author\/andrea\/\"><i>National Geographic en Espa\u00f1ol<\/i><\/a>,\u00a0<a href=\"https:\/\/www.muyinteresante.com.mx\/author\/andrea\/\"><i>Muy Interesante M\u00e9xico<\/i><\/a>, y colabora para distintos medios globales.<\/p>\n","protected":false},"excerpt":{"rendered":"<p>Pasa mucho. Piensa en la primera vez que fuiste al gym: muy probablemente, acabaste con el cuerpo adolorido y sin [&hellip;]<\/p>\n","protected":false},"author":2,"featured_media":10747,"comment_status":"open","ping_status":"open","sticky":false,"template":"","format":"standard","meta":[],"categories":[28,27],"tags":[45,138,47,141,50,59,43,42,143,66],"yoast_head":"<!-- This site is optimized with the Yoast SEO plugin v20.4 - https:\/\/yoast.com\/wordpress\/plugins\/seo\/ -->\n<title>\u00bfQu\u00e9 es la respiraci\u00f3n consciente y c\u00f3mo la aplico a mi rutina de ejercicio? - Blog Fitpass<\/title>\n<meta name=\"robots\" content=\"index, follow, max-snippet:-1, max-image-preview:large, max-video-preview:-1\" \/>\n<link rel=\"canonical\" href=\"https:\/\/www.fitpass.com\/mx\/blog\/2024\/10\/10\/que-es-la-respiracion-consciente-y-como-la-aplico-a-mi-rutina-de-ejercicio\/\" \/>\n<meta property=\"og:locale\" content=\"es_MX\" \/>\n<meta property=\"og:type\" content=\"article\" \/>\n<meta property=\"og:title\" content=\"\u00bfQu\u00e9 es la respiraci\u00f3n consciente y c\u00f3mo la aplico a mi rutina de ejercicio? - Blog Fitpass\" \/>\n<meta property=\"og:description\" content=\"Pasa mucho. Piensa en la primera vez que fuiste al gym: muy probablemente, acabaste con el cuerpo adolorido y sin [&hellip;]\" \/>\n<meta property=\"og:url\" content=\"https:\/\/www.fitpass.com\/mx\/blog\/2024\/10\/10\/que-es-la-respiracion-consciente-y-como-la-aplico-a-mi-rutina-de-ejercicio\/\" \/>\n<meta property=\"og:site_name\" content=\"Blog Fitpass\" \/>\n<meta property=\"article:published_time\" content=\"2024-10-10T02:29:59+00:00\" \/>\n<meta property=\"og:image\" content=\"https:\/\/www.fitpass.com\/mx\/blog\/wp-content\/uploads\/2024\/10\/ale-romo-TdrUCJU6VFs-unsplash-2.jpg\" \/>\n\t<meta property=\"og:image:width\" content=\"3333\" \/>\n\t<meta property=\"og:image:height\" content=\"5000\" \/>\n\t<meta property=\"og:image:type\" content=\"image\/jpeg\" \/>\n<meta name=\"author\" content=\"Fitpass\" \/>\n<meta name=\"twitter:card\" content=\"summary_large_image\" \/>\n<meta name=\"twitter:label1\" content=\"Escrito por\" \/>\n\t<meta name=\"twitter:data1\" content=\"Fitpass\" \/>\n\t<meta name=\"twitter:label2\" content=\"Tiempo de lectura\" \/>\n\t<meta name=\"twitter:data2\" content=\"4 minutos\" \/>\n<script type=\"application\/ld+json\" class=\"yoast-schema-graph\">{\"@context\":\"https:\/\/schema.org\",\"@graph\":[{\"@type\":\"WebPage\",\"@id\":\"https:\/\/www.fitpass.com\/mx\/blog\/2024\/10\/10\/que-es-la-respiracion-consciente-y-como-la-aplico-a-mi-rutina-de-ejercicio\/\",\"url\":\"https:\/\/www.fitpass.com\/mx\/blog\/2024\/10\/10\/que-es-la-respiracion-consciente-y-como-la-aplico-a-mi-rutina-de-ejercicio\/\",\"name\":\"\u00bfQu\u00e9 es la respiraci\u00f3n consciente y c\u00f3mo la aplico a mi rutina de ejercicio? - Blog Fitpass\",\"isPartOf\":{\"@id\":\"https:\/\/www.fitpass.com\/mx\/blog\/#website\"},\"datePublished\":\"2024-10-10T02:29:59+00:00\",\"dateModified\":\"2024-10-10T02:29:59+00:00\",\"author\":{\"@id\":\"https:\/\/www.fitpass.com\/mx\/blog\/#\/schema\/person\/b01908891743dbd2fc930eb863890c3c\"},\"breadcrumb\":{\"@id\":\"https:\/\/www.fitpass.com\/mx\/blog\/2024\/10\/10\/que-es-la-respiracion-consciente-y-como-la-aplico-a-mi-rutina-de-ejercicio\/#breadcrumb\"},\"inLanguage\":\"es-MX\",\"potentialAction\":[{\"@type\":\"ReadAction\",\"target\":[\"https:\/\/www.fitpass.com\/mx\/blog\/2024\/10\/10\/que-es-la-respiracion-consciente-y-como-la-aplico-a-mi-rutina-de-ejercicio\/\"]}]},{\"@type\":\"BreadcrumbList\",\"@id\":\"https:\/\/www.fitpass.com\/mx\/blog\/2024\/10\/10\/que-es-la-respiracion-consciente-y-como-la-aplico-a-mi-rutina-de-ejercicio\/#breadcrumb\",\"itemListElement\":[{\"@type\":\"ListItem\",\"position\":1,\"name\":\"Inicio\",\"item\":\"https:\/\/www.fitpass.com\/mx\/blog\/\"},{\"@type\":\"ListItem\",\"position\":2,\"name\":\"\u00bfQu\u00e9 es la respiraci\u00f3n consciente y c\u00f3mo la aplico a mi rutina de ejercicio?\"}]},{\"@type\":\"WebSite\",\"@id\":\"https:\/\/www.fitpass.com\/mx\/blog\/#website\",\"url\":\"https:\/\/www.fitpass.com\/mx\/blog\/\",\"name\":\"Blog Fitpass\",\"description\":\"\",\"potentialAction\":[{\"@type\":\"SearchAction\",\"target\":{\"@type\":\"EntryPoint\",\"urlTemplate\":\"https:\/\/www.fitpass.com\/mx\/blog\/?s={search_term_string}\"},\"query-input\":\"required name=search_term_string\"}],\"inLanguage\":\"es-MX\"},{\"@type\":\"Person\",\"@id\":\"https:\/\/www.fitpass.com\/mx\/blog\/#\/schema\/person\/b01908891743dbd2fc930eb863890c3c\",\"name\":\"Fitpass\",\"image\":{\"@type\":\"ImageObject\",\"inLanguage\":\"es-MX\",\"@id\":\"https:\/\/www.fitpass.com\/mx\/blog\/#\/schema\/person\/image\/\",\"url\":\"https:\/\/secure.gravatar.com\/avatar\/d6e7c090ed2ddfcf32d02d53a1c812b3?s=96&d=mm&r=g\",\"contentUrl\":\"https:\/\/secure.gravatar.com\/avatar\/d6e7c090ed2ddfcf32d02d53a1c812b3?s=96&d=mm&r=g\",\"caption\":\"Fitpass\"},\"url\":\"https:\/\/www.fitpass.com\/mx\/blog\/author\/fitpass\/\"}]}<\/script>\n<!-- \/ Yoast SEO plugin. -->","yoast_head_json":{"title":"\u00bfQu\u00e9 es la respiraci\u00f3n consciente y c\u00f3mo la aplico a mi rutina de ejercicio? - Blog Fitpass","robots":{"index":"index","follow":"follow","max-snippet":"max-snippet:-1","max-image-preview":"max-image-preview:large","max-video-preview":"max-video-preview:-1"},"canonical":"https:\/\/www.fitpass.com\/mx\/blog\/2024\/10\/10\/que-es-la-respiracion-consciente-y-como-la-aplico-a-mi-rutina-de-ejercicio\/","og_locale":"es_MX","og_type":"article","og_title":"\u00bfQu\u00e9 es la respiraci\u00f3n consciente y c\u00f3mo la aplico a mi rutina de ejercicio? - Blog Fitpass","og_description":"Pasa mucho. Piensa en la primera vez que fuiste al gym: muy probablemente, acabaste con el cuerpo adolorido y sin [&hellip;]","og_url":"https:\/\/www.fitpass.com\/mx\/blog\/2024\/10\/10\/que-es-la-respiracion-consciente-y-como-la-aplico-a-mi-rutina-de-ejercicio\/","og_site_name":"Blog Fitpass","article_published_time":"2024-10-10T02:29:59+00:00","og_image":[{"width":3333,"height":5000,"url":"https:\/\/www.fitpass.com\/mx\/blog\/wp-content\/uploads\/2024\/10\/ale-romo-TdrUCJU6VFs-unsplash-2.jpg","type":"image\/jpeg"}],"author":"Fitpass","twitter_card":"summary_large_image","twitter_misc":{"Escrito por":"Fitpass","Tiempo de lectura":"4 minutos"},"schema":{"@context":"https:\/\/schema.org","@graph":[{"@type":"WebPage","@id":"https:\/\/www.fitpass.com\/mx\/blog\/2024\/10\/10\/que-es-la-respiracion-consciente-y-como-la-aplico-a-mi-rutina-de-ejercicio\/","url":"https:\/\/www.fitpass.com\/mx\/blog\/2024\/10\/10\/que-es-la-respiracion-consciente-y-como-la-aplico-a-mi-rutina-de-ejercicio\/","name":"\u00bfQu\u00e9 es la respiraci\u00f3n consciente y c\u00f3mo la aplico a mi rutina de ejercicio? - Blog Fitpass","isPartOf":{"@id":"https:\/\/www.fitpass.com\/mx\/blog\/#website"},"datePublished":"2024-10-10T02:29:59+00:00","dateModified":"2024-10-10T02:29:59+00:00","author":{"@id":"https:\/\/www.fitpass.com\/mx\/blog\/#\/schema\/person\/b01908891743dbd2fc930eb863890c3c"},"breadcrumb":{"@id":"https:\/\/www.fitpass.com\/mx\/blog\/2024\/10\/10\/que-es-la-respiracion-consciente-y-como-la-aplico-a-mi-rutina-de-ejercicio\/#breadcrumb"},"inLanguage":"es-MX","potentialAction":[{"@type":"ReadAction","target":["https:\/\/www.fitpass.com\/mx\/blog\/2024\/10\/10\/que-es-la-respiracion-consciente-y-como-la-aplico-a-mi-rutina-de-ejercicio\/"]}]},{"@type":"BreadcrumbList","@id":"https:\/\/www.fitpass.com\/mx\/blog\/2024\/10\/10\/que-es-la-respiracion-consciente-y-como-la-aplico-a-mi-rutina-de-ejercicio\/#breadcrumb","itemListElement":[{"@type":"ListItem","position":1,"name":"Inicio","item":"https:\/\/www.fitpass.com\/mx\/blog\/"},{"@type":"ListItem","position":2,"name":"\u00bfQu\u00e9 es la respiraci\u00f3n consciente y c\u00f3mo la aplico a mi rutina de ejercicio?"}]},{"@type":"WebSite","@id":"https:\/\/www.fitpass.com\/mx\/blog\/#website","url":"https:\/\/www.fitpass.com\/mx\/blog\/","name":"Blog Fitpass","description":"","potentialAction":[{"@type":"SearchAction","target":{"@type":"EntryPoint","urlTemplate":"https:\/\/www.fitpass.com\/mx\/blog\/?s={search_term_string}"},"query-input":"required name=search_term_string"}],"inLanguage":"es-MX"},{"@type":"Person","@id":"https:\/\/www.fitpass.com\/mx\/blog\/#\/schema\/person\/b01908891743dbd2fc930eb863890c3c","name":"Fitpass","image":{"@type":"ImageObject","inLanguage":"es-MX","@id":"https:\/\/www.fitpass.com\/mx\/blog\/#\/schema\/person\/image\/","url":"https:\/\/secure.gravatar.com\/avatar\/d6e7c090ed2ddfcf32d02d53a1c812b3?s=96&d=mm&r=g","contentUrl":"https:\/\/secure.gravatar.com\/avatar\/d6e7c090ed2ddfcf32d02d53a1c812b3?s=96&d=mm&r=g","caption":"Fitpass"},"url":"https:\/\/www.fitpass.com\/mx\/blog\/author\/fitpass\/"}]}},"_links":{"self":[{"href":"https:\/\/www.fitpass.com\/mx\/blog\/wp-json\/wp\/v2\/posts\/10746"}],"collection":[{"href":"https:\/\/www.fitpass.com\/mx\/blog\/wp-json\/wp\/v2\/posts"}],"about":[{"href":"https:\/\/www.fitpass.com\/mx\/blog\/wp-json\/wp\/v2\/types\/post"}],"author":[{"embeddable":true,"href":"https:\/\/www.fitpass.com\/mx\/blog\/wp-json\/wp\/v2\/users\/2"}],"replies":[{"embeddable":true,"href":"https:\/\/www.fitpass.com\/mx\/blog\/wp-json\/wp\/v2\/comments?post=10746"}],"version-history":[{"count":1,"href":"https:\/\/www.fitpass.com\/mx\/blog\/wp-json\/wp\/v2\/posts\/10746\/revisions"}],"predecessor-version":[{"id":10748,"href":"https:\/\/www.fitpass.com\/mx\/blog\/wp-json\/wp\/v2\/posts\/10746\/revisions\/10748"}],"wp:featuredmedia":[{"embeddable":true,"href":"https:\/\/www.fitpass.com\/mx\/blog\/wp-json\/wp\/v2\/media\/10747"}],"wp:attachment":[{"href":"https:\/\/www.fitpass.com\/mx\/blog\/wp-json\/wp\/v2\/media?parent=10746"}],"wp:term":[{"taxonomy":"category","embeddable":true,"href":"https:\/\/www.fitpass.com\/mx\/blog\/wp-json\/wp\/v2\/categories?post=10746"},{"taxonomy":"post_tag","embeddable":true,"href":"https:\/\/www.fitpass.com\/mx\/blog\/wp-json\/wp\/v2\/tags?post=10746"}],"curies":[{"name":"wp","href":"https:\/\/api.w.org\/{rel}","templated":true}]}}