{"id":2165,"date":"2019-02-25T12:58:28","date_gmt":"2019-02-25T12:58:28","guid":{"rendered":"http:\/\/localhost:8888\/fitpass\/?p=2165"},"modified":"2023-01-03T05:11:27","modified_gmt":"2023-01-03T05:11:27","slug":"tirititran-centro-de-ensenanza-flamenca-qro","status":"publish","type":"post","link":"https:\/\/www.fitpass.com\/mx\/blog\/2019\/02\/25\/tirititran-centro-de-ensenanza-flamenca-qro\/","title":{"rendered":"Tirititr\u00e1n, Centro de Ense\u00f1anza Flamenca QRO"},"content":{"rendered":"<div data-draftjs-conductor-fragment=\"{&quot;blocks&quot;:[{&quot;key&quot;:&quot;e3ipa&quot;,&quot;text&quot;:&quot;Tirititr\u00e1n, Centro de Ense\u00f1anza Flamenca, es una academia de Arte dedicada exclusivamente a la ense\u00f1anza del Flamenco en sus tres vertientes, baile, cante y guitarra.&quot;,&quot;type&quot;:&quot;unstyled&quot;,&quot;depth&quot;:0,&quot;inlineStyleRanges&quot;:[{&quot;offset&quot;:49,&quot;length&quot;:68,&quot;style&quot;:&quot;BOLD&quot;}],&quot;entityRanges&quot;:[],&quot;data&quot;:{}},{&quot;key&quot;:&quot;et5n9&quot;,&quot;text&quot;:&quot; &quot;,&quot;type&quot;:&quot;atomic&quot;,&quot;depth&quot;:0,&quot;inlineStyleRanges&quot;:[],&quot;entityRanges&quot;:[{&quot;offset&quot;:0,&quot;length&quot;:1,&quot;key&quot;:0}],&quot;data&quot;:{}},{&quot;key&quot;:&quot;f5puq&quot;,&quot;text&quot;:&quot;&quot;,&quot;type&quot;:&quot;unstyled&quot;,&quot;depth&quot;:0,&quot;inlineStyleRanges&quot;:[],&quot;entityRanges&quot;:[],&quot;data&quot;:{}},{&quot;key&quot;:&quot;73kkt&quot;,&quot;text&quot;:&quot;Su objetivo es la ense\u00f1anza, difusi\u00f3n y preservaci\u00f3n del arte Flamenco. &quot;,&quot;type&quot;:&quot;unstyled&quot;,&quot;depth&quot;:0,&quot;inlineStyleRanges&quot;:[{&quot;offset&quot;:3,&quot;length&quot;:67,&quot;style&quot;:&quot;BOLD&quot;}],&quot;entityRanges&quot;:[],&quot;data&quot;:{}},{&quot;key&quot;:&quot;5a4gr&quot;,&quot;text&quot;:&quot;&quot;,&quot;type&quot;:&quot;unstyled&quot;,&quot;depth&quot;:0,&quot;inlineStyleRanges&quot;:[],&quot;entityRanges&quot;:[],&quot;data&quot;:{}},{&quot;key&quot;:&quot;dv94f&quot;,&quot;text&quot;:&quot;A finales de 2017 a\u00f1aden una misi\u00f3n m\u00e1s que es la dignificaci\u00f3n del flamenco, logr\u00e1ndolo mediante el formato Tablao (espect\u00e1culo abierto al p\u00fablico en general). &quot;,&quot;type&quot;:&quot;unstyled&quot;,&quot;depth&quot;:0,&quot;inlineStyleRanges&quot;:[],&quot;entityRanges&quot;:[],&quot;data&quot;:{}},{&quot;key&quot;:&quot;1klqs&quot;,&quot;text&quot;:&quot;&quot;,&quot;type&quot;:&quot;unstyled&quot;,&quot;depth&quot;:0,&quot;inlineStyleRanges&quot;:[],&quot;entityRanges&quot;:[],&quot;data&quot;:{}},{&quot;key&quot;:&quot;8b2oq&quot;,&quot;text&quot;:&quot;En cuanto a sus clases, se enfocan exclusivamente a la ense\u00f1anza del Flamenco en sus 3 vertientes:&quot;,&quot;type&quot;:&quot;unstyled&quot;,&quot;depth&quot;:0,&quot;inlineStyleRanges&quot;:[{&quot;offset&quot;:16,&quot;length&quot;:6,&quot;style&quot;:&quot;BOLD&quot;}],&quot;entityRanges&quot;:[],&quot;data&quot;:{}},{&quot;key&quot;:&quot;3hg8h&quot;,&quot;text&quot;:&quot;Baile Flamenco se imparte tanto la t\u00e9cnica corporal como de pies y coreograf\u00eda.&quot;,&quot;type&quot;:&quot;unstyled&quot;,&quot;depth&quot;:0,&quot;inlineStyleRanges&quot;:[{&quot;offset&quot;:0,&quot;length&quot;:14,&quot;style&quot;:&quot;BOLD&quot;}],&quot;entityRanges&quot;:[],&quot;data&quot;:{}},{&quot;key&quot;:&quot;576jp&quot;,&quot;text&quot;:&quot;&quot;,&quot;type&quot;:&quot;unstyled&quot;,&quot;depth&quot;:0,&quot;inlineStyleRanges&quot;:[],&quot;entityRanges&quot;:[],&quot;data&quot;:{}},{&quot;key&quot;:&quot;chvr2&quot;,&quot;text&quot;:&quot;Cante Flamenco se ense\u00f1an las t\u00e9cnicas vocales, compas, estructura de palos, letras tradicionales y acompa\u00f1amiento a la guitarra y baile.  &quot;,&quot;type&quot;:&quot;unstyled&quot;,&quot;depth&quot;:0,&quot;inlineStyleRanges&quot;:[{&quot;offset&quot;:0,&quot;length&quot;:14,&quot;style&quot;:&quot;BOLD&quot;}],&quot;entityRanges&quot;:[],&quot;data&quot;:{}},{&quot;key&quot;:&quot;222n2&quot;,&quot;text&quot;:&quot;&quot;,&quot;type&quot;:&quot;unstyled&quot;,&quot;depth&quot;:0,&quot;inlineStyleRanges&quot;:[],&quot;entityRanges&quot;:[],&quot;data&quot;:{}},{&quot;key&quot;:&quot;ee15c&quot;,&quot;text&quot;:&quot;Guitarra Flamenca se ense\u00f1a la t\u00e9cnica, falsetas, compas, acompa\u00f1amiento al baile y cante.&quot;,&quot;type&quot;:&quot;unstyled&quot;,&quot;depth&quot;:0,&quot;inlineStyleRanges&quot;:[{&quot;offset&quot;:0,&quot;length&quot;:17,&quot;style&quot;:&quot;BOLD&quot;}],&quot;entityRanges&quot;:[],&quot;data&quot;:{}},{&quot;key&quot;:&quot;5q58d&quot;,&quot;text&quot;:&quot;&quot;,&quot;type&quot;:&quot;unstyled&quot;,&quot;depth&quot;:0,&quot;inlineStyleRanges&quot;:[],&quot;entityRanges&quot;:[],&quot;data&quot;:{}},{&quot;key&quot;:&quot;duatc&quot;,&quot;text&quot;:&quot;Buscan formar alumnos aficionados al flamenco as\u00ed como formar nuevos valores tanto del baile como del toque y cante, independientemente de la edad que se tenga, mediante el correcto aprendizaje de la t\u00e9cnica, comp\u00e1s y palos del flamenco.&quot;,&quot;type&quot;:&quot;unstyled&quot;,&quot;depth&quot;:0,&quot;inlineStyleRanges&quot;:[{&quot;offset&quot;:7,&quot;length&quot;:39,&quot;style&quot;:&quot;BOLD&quot;}],&quot;entityRanges&quot;:[],&quot;data&quot;:{}},{&quot;key&quot;:&quot;6b9dq&quot;,&quot;text&quot;:&quot; &quot;,&quot;type&quot;:&quot;atomic&quot;,&quot;depth&quot;:0,&quot;inlineStyleRanges&quot;:[],&quot;entityRanges&quot;:[{&quot;offset&quot;:0,&quot;length&quot;:1,&quot;key&quot;:1}],&quot;data&quot;:{}},{&quot;key&quot;:&quot;f17gn&quot;,&quot;text&quot;:&quot;&quot;,&quot;type&quot;:&quot;unstyled&quot;,&quot;depth&quot;:0,&quot;inlineStyleRanges&quot;:[],&quot;entityRanges&quot;:[],&quot;data&quot;:{}},{&quot;key&quot;:&quot;9l1i6&quot;,&quot;text&quot;:&quot;El equipo de Tiritr\u00e1n esta conformado por 3 maestros especialistas en su \u00e1rea.&quot;,&quot;type&quot;:&quot;unstyled&quot;,&quot;depth&quot;:0,&quot;inlineStyleRanges&quot;:[{&quot;offset&quot;:3,&quot;length&quot;:49,&quot;style&quot;:&quot;BOLD&quot;}],&quot;entityRanges&quot;:[],&quot;data&quot;:{}},{&quot;key&quot;:&quot;1l94k&quot;,&quot;text&quot;:&quot;Ana Mandujano Farruk, maestra de Flamenco, estudi\u00f3 en Escuela de Arte Flamenco \u201c Amor de Dios\u201d en Madrid con diversos artistas de talla nacional e internacional. &quot;,&quot;type&quot;:&quot;unstyled&quot;,&quot;depth&quot;:0,&quot;inlineStyleRanges&quot;:[{&quot;offset&quot;:0,&quot;length&quot;:20,&quot;style&quot;:&quot;BOLD&quot;}],&quot;entityRanges&quot;:[],&quot;data&quot;:{}},{&quot;key&quot;:&quot;8tm1g&quot;,&quot;text&quot;:&quot;Alberto Solis, maestro de cante, debuto en USA en el Belleayre Jazz Festival en NY. Ha trabajado con diversas compa\u00f1\u00edas flamencas y artistas reconocidos. &quot;,&quot;type&quot;:&quot;unstyled&quot;,&quot;depth&quot;:0,&quot;inlineStyleRanges&quot;:[{&quot;offset&quot;:0,&quot;length&quot;:13,&quot;style&quot;:&quot;BOLD&quot;}],&quot;entityRanges&quot;:[],&quot;data&quot;:{}},{&quot;key&quot;:&quot;6e9qo&quot;,&quot;text&quot;:&quot;Carlos \u00c1vila, maestro de guitarra, estudio composici\u00f3n musical en la Facultad de Bellas Artes en UAQ. M\u00fasico vers\u00e1til se desencanto por el Flamenco creando su propio grupo musical \u201csabores del mundo\u201d recorriendo por distintos escenarios. &quot;,&quot;type&quot;:&quot;unstyled&quot;,&quot;depth&quot;:0,&quot;inlineStyleRanges&quot;:[{&quot;offset&quot;:0,&quot;length&quot;:12,&quot;style&quot;:&quot;BOLD&quot;}],&quot;entityRanges&quot;:[],&quot;data&quot;:{}},{&quot;key&quot;:&quot;4sq7k&quot;,&quot;text&quot;:&quot;&quot;,&quot;type&quot;:&quot;unstyled&quot;,&quot;depth&quot;:0,&quot;inlineStyleRanges&quot;:[],&quot;entityRanges&quot;:[],&quot;data&quot;:{}},{&quot;key&quot;:&quot;8bphb&quot;,&quot;text&quot;:&quot;Se diferencian por ser una academia exclusivamente enfocada al flamenco, con grupos peque\u00f1os para tener una atenci\u00f3n m\u00e1s personalizada. &quot;,&quot;type&quot;:&quot;unstyled&quot;,&quot;depth&quot;:0,&quot;inlineStyleRanges&quot;:[{&quot;offset&quot;:3,&quot;length&quot;:11,&quot;style&quot;:&quot;BOLD&quot;}],&quot;entityRanges&quot;:[],&quot;data&quot;:{}},{&quot;key&quot;:&quot;eqccb&quot;,&quot;text&quot;:&quot;&quot;,&quot;type&quot;:&quot;unstyled&quot;,&quot;depth&quot;:0,&quot;inlineStyleRanges&quot;:[],&quot;entityRanges&quot;:[],&quot;data&quot;:{}},{&quot;key&quot;:&quot;4knj1&quot;,&quot;text&quot;:&quot;Para fomentar el constante aprendizaje, a lo largo del a\u00f1o realizan cursos con Artistas Nacionales e Internacionales de renombre, para que as\u00ed los alumnos puedan tener un amplio concepto de la t\u00e9cnica. &quot;,&quot;type&quot;:&quot;unstyled&quot;,&quot;depth&quot;:0,&quot;inlineStyleRanges&quot;:[{&quot;offset&quot;:68,&quot;length&quot;:60,&quot;style&quot;:&quot;BOLD&quot;}],&quot;entityRanges&quot;:[],&quot;data&quot;:{}},{&quot;key&quot;:&quot;2nq2j&quot;,&quot;text&quot;:&quot; &quot;,&quot;type&quot;:&quot;atomic&quot;,&quot;depth&quot;:0,&quot;inlineStyleRanges&quot;:[],&quot;entityRanges&quot;:[{&quot;offset&quot;:0,&quot;length&quot;:1,&quot;key&quot;:2}],&quot;data&quot;:{}},{&quot;key&quot;:&quot;chukf&quot;,&quot;text&quot;:&quot;Ofrecen Masterclasses como Bulerias de Jerez por Armando Tovar y Noches de Tablao por Farruk y Armando Tovar.&quot;,&quot;type&quot;:&quot;unstyled&quot;,&quot;depth&quot;:0,&quot;inlineStyleRanges&quot;:[{&quot;offset&quot;:8,&quot;length&quot;:13,&quot;style&quot;:&quot;BOLD&quot;},{&quot;offset&quot;:65,&quot;length&quot;:16,&quot;style&quot;:&quot;BOLD&quot;}],&quot;entityRanges&quot;:[],&quot;data&quot;:{}},{&quot;key&quot;:&quot;35ch1&quot;,&quot;text&quot;:&quot;&quot;,&quot;type&quot;:&quot;unstyled&quot;,&quot;depth&quot;:0,&quot;inlineStyleRanges&quot;:[],&quot;entityRanges&quot;:[],&quot;data&quot;:{}},{&quot;key&quot;:&quot;1trj4&quot;,&quot;text&quot;:&quot;Dentro de sus instalaciones encontrar\u00e1s un sal\u00f3n perfectamente adecuado para que recibas sin ning\u00fan inconveniente tus clases de Flamenco. &quot;,&quot;type&quot;:&quot;unstyled&quot;,&quot;depth&quot;:0,&quot;inlineStyleRanges&quot;:[{&quot;offset&quot;:14,&quot;length&quot;:13,&quot;style&quot;:&quot;BOLD&quot;}],&quot;entityRanges&quot;:[],&quot;data&quot;:{}},{&quot;key&quot;:&quot;cdntk&quot;,&quot;text&quot;:&quot;&quot;,&quot;type&quot;:&quot;unstyled&quot;,&quot;depth&quot;:0,&quot;inlineStyleRanges&quot;:[],&quot;entityRanges&quot;:[],&quot;data&quot;:{}},{&quot;key&quot;:&quot;cf3op&quot;,&quot;text&quot;:&quot;Recuerda que estar\u00e1s ingresando a una clase ya establecida, a\u00fan siendo principiante puedes ingresar a las clases siguiendo el ritmo y din\u00e1mica que tenemos establecido.&quot;,&quot;type&quot;:&quot;unstyled&quot;,&quot;depth&quot;:0,&quot;inlineStyleRanges&quot;:[{&quot;offset&quot;:0,&quot;length&quot;:9,&quot;style&quot;:&quot;BOLD&quot;}],&quot;entityRanges&quot;:[],&quot;data&quot;:{}},{&quot;key&quot;:&quot;58p6f&quot;,&quot;text&quot;:&quot;Para baile, tendr\u00e1s que entrar con zapatos de flamenco , ropa c\u00f3moda y agua para mantenerte hidratado.&quot;,&quot;type&quot;:&quot;unstyled&quot;,&quot;depth&quot;:0,&quot;inlineStyleRanges&quot;:[],&quot;entityRanges&quot;:[],&quot;data&quot;:{}},{&quot;key&quot;:&quot;5lih3&quot;,&quot;text&quot;:&quot;Para cante, tendr\u00e1s que traer cuaderno, bol\u00edgrafo, agua para mantenerte hidratado.&quot;,&quot;type&quot;:&quot;unstyled&quot;,&quot;depth&quot;:0,&quot;inlineStyleRanges&quot;:[],&quot;entityRanges&quot;:[],&quot;data&quot;:{}},{&quot;key&quot;:&quot;ba3e4&quot;,&quot;text&quot;:&quot;Para guitarra, tendr\u00e1s que traer tu propia guitarra, cuaderno y bol\u00edgrafo.&quot;,&quot;type&quot;:&quot;unstyled&quot;,&quot;depth&quot;:0,&quot;inlineStyleRanges&quot;:[],&quot;entityRanges&quot;:[],&quot;data&quot;:{}},{&quot;key&quot;:&quot;e4e63&quot;,&quot;text&quot;:&quot;&quot;,&quot;type&quot;:&quot;unstyled&quot;,&quot;depth&quot;:0,&quot;inlineStyleRanges&quot;:[],&quot;entityRanges&quot;:[],&quot;data&quot;:{}},{&quot;key&quot;:&quot;4t4s&quot;,&quot;text&quot;:&quot;Acude con toda la actitud y ganas de probar lo que este lugar tiene para ti. &quot;,&quot;type&quot;:&quot;unstyled&quot;,&quot;depth&quot;:0,&quot;inlineStyleRanges&quot;:[{&quot;offset&quot;:18,&quot;length&quot;:25,&quot;style&quot;:&quot;BOLD&quot;}],&quot;entityRanges&quot;:[],&quot;data&quot;:{}},{&quot;key&quot;:&quot;6qpq3&quot;,&quot;text&quot;:&quot;&quot;,&quot;type&quot;:&quot;unstyled&quot;,&quot;depth&quot;:0,&quot;inlineStyleRanges&quot;:[],&quot;entityRanges&quot;:[],&quot;data&quot;:{}},{&quot;key&quot;:&quot;cl6b9&quot;,&quot;text&quot;:&quot;\u00bfQu\u00e9 esperas para conocerlos? Reserva tus clases por medio de la App de Fitpass M\u00e9xico y s\u00edguenos en Facebook: Fitpass M\u00e9xico o Instagram: @Fitpassmx para estar al tanto de nuestros tips y promociones.&quot;,&quot;type&quot;:&quot;unstyled&quot;,&quot;depth&quot;:0,&quot;inlineStyleRanges&quot;:[{&quot;offset&quot;:0,&quot;length&quot;:29,&quot;style&quot;:&quot;BOLD&quot;}],&quot;entityRanges&quot;:[],&quot;data&quot;:{}},{&quot;key&quot;:&quot;dnuob&quot;,&quot;text&quot;:&quot;&quot;,&quot;type&quot;:&quot;unstyled&quot;,&quot;depth&quot;:0,&quot;inlineStyleRanges&quot;:[],&quot;entityRanges&quot;:[],&quot;data&quot;:{}},{&quot;key&quot;:&quot;4ok3h&quot;,&quot;text&quot;:&quot;Tirititr\u00e1n, Centro de Ense\u00f1anza Flamenca QRO| 5 de Mayo, 178-a, int3 ( entre Damian carmona y tres Guerras)| www.tirititranqro.com|Facebook: Tirititr\u00e1n| Instagram: @eltirititr\u00e1n&quot;,&quot;type&quot;:&quot;unstyled&quot;,&quot;depth&quot;:0,&quot;inlineStyleRanges&quot;:[],&quot;entityRanges&quot;:[],&quot;data&quot;:{}},{&quot;key&quot;:&quot;92jj2&quot;,&quot;text&quot;:&quot;&quot;,&quot;type&quot;:&quot;unstyled&quot;,&quot;depth&quot;:0,&quot;inlineStyleRanges&quot;:[],&quot;entityRanges&quot;:[],&quot;data&quot;:{}},{&quot;key&quot;:&quot;f4kd9&quot;,&quot;text&quot;:&quot;Por: Renata de la Paz &quot;,&quot;type&quot;:&quot;unstyled&quot;,&quot;depth&quot;:0,&quot;inlineStyleRanges&quot;:[{&quot;offset&quot;:0,&quot;length&quot;:22,&quot;style&quot;:&quot;BOLD&quot;}],&quot;entityRanges&quot;:[],&quot;data&quot;:{}},{&quot;key&quot;:&quot;d1hab&quot;,&quot;text&quot;:&quot;-----------------------------&quot;,&quot;type&quot;:&quot;unstyled&quot;,&quot;depth&quot;:0,&quot;inlineStyleRanges&quot;:[{&quot;offset&quot;:0,&quot;length&quot;:29,&quot;style&quot;:&quot;BOLD&quot;}],&quot;entityRanges&quot;:[],&quot;data&quot;:{}},{&quot;key&quot;:&quot;bs9fi&quot;,&quot;text&quot;:&quot;Renata de la Paz Mart\u00ednez de Velasco, es estudiante de Administraci\u00f3n y Mercadotecnia en la Universidad Panamericana.  Ha trabajado en la OECD Par\u00eds y colaboradora de Soy Corredora. Apasionada del deporte, ha practicado tenis de alto rendimiento, formado parte de la selecci\u00f3n femenil de f\u00fatbol en Marymount y participante en el Marat\u00f3n Schneider Electric Paris. &quot;,&quot;type&quot;:&quot;unstyled&quot;,&quot;depth&quot;:0,&quot;inlineStyleRanges&quot;:[{&quot;offset&quot;:0,&quot;length&quot;:36,&quot;style&quot;:&quot;BOLD&quot;}],&quot;entityRanges&quot;:[],&quot;data&quot;:{}},{&quot;key&quot;:&quot;fgdmi&quot;,&quot;text&quot;:&quot;Correo: renata@fitpass.mx Instagram: Renatadlp&quot;,&quot;type&quot;:&quot;unstyled&quot;,&quot;depth&quot;:0,&quot;inlineStyleRanges&quot;:[{&quot;offset&quot;:8,&quot;length&quot;:17,&quot;style&quot;:&quot;UNDERLINE&quot;}],&quot;entityRanges&quot;:[{&quot;offset&quot;:8,&quot;length&quot;:17,&quot;key&quot;:3}],&quot;data&quot;:{}}],&quot;entityMap&quot;:{&quot;0&quot;:{&quot;type&quot;:&quot;wix-draft-plugin-image&quot;,&quot;mutability&quot;:&quot;IMMUTABLE&quot;,&quot;data&quot;:{&quot;config&quot;:{&quot;alignment&quot;:&quot;left&quot;,&quot;size&quot;:&quot;small&quot;,&quot;showTitle&quot;:true,&quot;showDescription&quot;:true,&quot;key&quot;:&quot;584gb&quot;,&quot;textWrap&quot;:&quot;wrap&quot;},&quot;src&quot;:{&quot;id&quot;:&quot;8794f7_1a368e6e8e084ffa85dd2f7b01dc6542~mv2.png&quot;,&quot;original_file_name&quot;:&quot;8794f7_1a368e6e8e084ffa85dd2f7b01dc6542~mv2.png&quot;,&quot;file_name&quot;:&quot;8794f7_1a368e6e8e084ffa85dd2f7b01dc6542~mv2.png&quot;,&quot;width&quot;:655,&quot;height&quot;:468}}},&quot;1&quot;:{&quot;type&quot;:&quot;wix-draft-plugin-image&quot;,&quot;mutability&quot;:&quot;IMMUTABLE&quot;,&quot;data&quot;:{&quot;config&quot;:{&quot;alignment&quot;:&quot;center&quot;,&quot;size&quot;:&quot;content&quot;,&quot;showTitle&quot;:true,&quot;showDescription&quot;:true,&quot;key&quot;:&quot;6r0v4&quot;,&quot;textWrap&quot;:&quot;wrap&quot;},&quot;src&quot;:{&quot;id&quot;:&quot;8794f7_e5d351977ddd4783900ac280321dcdd0~mv2.jpg&quot;,&quot;original_file_name&quot;:&quot;8794f7_e5d351977ddd4783900ac280321dcdd0~mv2.jpg&quot;,&quot;file_name&quot;:&quot;8794f7_e5d351977ddd4783900ac280321dcdd0~mv2.jpg&quot;,&quot;width&quot;:1024,&quot;height&quot;:488}}},&quot;2&quot;:{&quot;type&quot;:&quot;wix-draft-plugin-image&quot;,&quot;mutability&quot;:&quot;IMMUTABLE&quot;,&quot;data&quot;:{&quot;config&quot;:{&quot;alignment&quot;:&quot;center&quot;,&quot;size&quot;:&quot;content&quot;,&quot;showTitle&quot;:true,&quot;showDescription&quot;:true,&quot;key&quot;:&quot;cbl4j&quot;,&quot;textWrap&quot;:&quot;wrap&quot;},&quot;src&quot;:{&quot;id&quot;:&quot;8794f7_c30d8dbb5b9840548764f4dec2f6f6cc~mv2.png&quot;,&quot;original_file_name&quot;:&quot;8794f7_c30d8dbb5b9840548764f4dec2f6f6cc~mv2.png&quot;,&quot;file_name&quot;:&quot;8794f7_c30d8dbb5b9840548764f4dec2f6f6cc~mv2.png&quot;,&quot;width&quot;:960,&quot;height&quot;:384}}},&quot;3&quot;:{&quot;type&quot;:&quot;LINK&quot;,&quot;mutability&quot;:&quot;MUTABLE&quot;,&quot;data&quot;:{&quot;href&quot;:&quot;mailto:renata@fitpass.mx&quot;,&quot;url&quot;:&quot;mailto:renata@fitpass.mx&quot;,&quot;target&quot;:&quot;_top&quot;,&quot;rel&quot;:&quot;noopener&quot;}}},&quot;VERSION&quot;:&quot;9.3.6&quot;}\">\n<div class=\"_25Ehb _3qYRK Oh89J public-DraftStyleDefault-block-depth0 public-DraftStyleDefault-text-ltr fixed-tab-size rich_content_P\" data-block=\"true\" data-editor=\"editor\" data-offset-key=\"foo-0-0\">\n<div class=\"public-DraftStyleDefault-block public-DraftStyleDefault-ltr\" data-offset-key=\"foo-0-0\"><span data-offset-key=\"foo-0-0\">Tirititr\u00e1n, Centro de Ense\u00f1anza Flamenca, es una <\/span><span data-offset-key=\"foo-0-1\">academia de Arte dedicada exclusivamente a la ense\u00f1anza del Flamenco<\/span><span data-offset-key=\"foo-0-2\"> en sus tres vertientes, baile, cante y guitarra.<\/span><\/div>\n<\/div>\n<div class=\"_25Ehb _3qYRK Oh89J public-DraftStyleDefault-block-depth0 public-DraftStyleDefault-text-ltr fixed-tab-size rich_content_P\" data-block=\"true\" data-editor=\"editor\" data-offset-key=\"bcuuq-0-0\">\n<div class=\"public-DraftStyleDefault-block public-DraftStyleDefault-ltr\" data-offset-key=\"bcuuq-0-0\"><span data-offset-key=\"bcuuq-0-0\">\u00a0<\/span><\/div>\n<\/div>\n<div class=\"_25Ehb _3qYRK Oh89J public-DraftStyleDefault-block-depth0 public-DraftStyleDefault-text-ltr fixed-tab-size rich_content_P\" data-block=\"true\" data-editor=\"editor\" data-offset-key=\"43qua-0-0\">\n<div class=\"public-DraftStyleDefault-block public-DraftStyleDefault-ltr\" data-offset-key=\"43qua-0-0\"><span data-offset-key=\"43qua-0-0\">Su <\/span><span data-offset-key=\"43qua-0-1\">objetivo es la ense\u00f1anza, difusi\u00f3n y preservaci\u00f3n del arte Flamenco<\/span><span data-offset-key=\"43qua-0-2\">. <\/span><\/div>\n<\/div>\n<div class=\"_25Ehb _3qYRK Oh89J public-DraftStyleDefault-block-depth0 public-DraftStyleDefault-text-ltr fixed-tab-size rich_content_P\" data-block=\"true\" data-editor=\"editor\" data-offset-key=\"53ob9-0-0\">\n<div class=\"public-DraftStyleDefault-block public-DraftStyleDefault-ltr\" data-offset-key=\"53ob9-0-0\"><span data-offset-key=\"53ob9-0-0\">\u00a0<\/span><\/div>\n<\/div>\n<div class=\"_25Ehb _3qYRK Oh89J public-DraftStyleDefault-block-depth0 public-DraftStyleDefault-text-ltr fixed-tab-size rich_content_P\" data-block=\"true\" data-editor=\"editor\" data-offset-key=\"adesl-0-0\">\n<div class=\"public-DraftStyleDefault-block public-DraftStyleDefault-ltr\" data-offset-key=\"adesl-0-0\"><span data-offset-key=\"adesl-0-0\">A finales de 2017 a\u00f1aden una misi\u00f3n m\u00e1s que es la dignificaci\u00f3n del flamenco, logr\u00e1ndolo mediante el formato Tablao (espect\u00e1culo abierto al p\u00fablico en general). <\/span><\/div>\n<\/div>\n<div class=\"_25Ehb _3qYRK Oh89J public-DraftStyleDefault-block-depth0 public-DraftStyleDefault-text-ltr fixed-tab-size rich_content_P\" data-block=\"true\" data-editor=\"editor\" data-offset-key=\"mea1-0-0\">\n<div class=\"public-DraftStyleDefault-block public-DraftStyleDefault-ltr\" data-offset-key=\"mea1-0-0\"><span data-offset-key=\"mea1-0-0\">\u00a0<\/span><\/div>\n<\/div>\n<div class=\"_25Ehb _3qYRK Oh89J public-DraftStyleDefault-block-depth0 public-DraftStyleDefault-text-ltr fixed-tab-size rich_content_P\" data-block=\"true\" data-editor=\"editor\" data-offset-key=\"36b55-0-0\">\n<div class=\"public-DraftStyleDefault-block public-DraftStyleDefault-ltr\" data-offset-key=\"36b55-0-0\"><span data-offset-key=\"36b55-0-0\">En cuanto a sus <\/span><span data-offset-key=\"36b55-0-1\">clases<\/span><span data-offset-key=\"36b55-0-2\">, se enfocan exclusivamente a la ense\u00f1anza del Flamenco en sus 3 vertientes:<\/span><\/div>\n<\/div>\n<div class=\"_25Ehb _3qYRK Oh89J public-DraftStyleDefault-block-depth0 public-DraftStyleDefault-text-ltr fixed-tab-size rich_content_P\" data-block=\"true\" data-editor=\"editor\" data-offset-key=\"cgor6-0-0\">\n<div class=\"public-DraftStyleDefault-block public-DraftStyleDefault-ltr\" data-offset-key=\"cgor6-0-0\"><span data-offset-key=\"cgor6-0-0\">Baile Flamenco<\/span><span data-offset-key=\"cgor6-0-1\"> se imparte tanto la t\u00e9cnica corporal como de pies y coreograf\u00eda.<\/span><\/div>\n<div data-offset-key=\"cgor6-0-0\"><\/div>\n<\/div>\n<div class=\"public-DraftStyleDefault-block public-DraftStyleDefault-ltr\" data-offset-key=\"4qp1l-0-0\"><span data-offset-key=\"4qp1l-0-0\"><img decoding=\"async\" class=\"alignnone size-full wp-image-2168\" src=\"http:\/\/amak.mx\/fitpass\/wp-content\/uploads\/2022\/12\/8794f7_e5d351977ddd4783900ac280321dcdd0mv2.webp\" alt=\"\" width=\"1023\" height=\"488\" \/><\/span><\/div>\n<div data-offset-key=\"4qp1l-0-0\"><\/div>\n<div class=\"_25Ehb _3qYRK Oh89J public-DraftStyleDefault-block-depth0 public-DraftStyleDefault-text-ltr fixed-tab-size rich_content_P\" data-block=\"true\" data-editor=\"editor\" data-offset-key=\"9ib6k-0-0\">\n<div class=\"public-DraftStyleDefault-block public-DraftStyleDefault-ltr\" data-offset-key=\"9ib6k-0-0\"><span data-offset-key=\"9ib6k-0-0\">Cante Flamenco<\/span><span data-offset-key=\"9ib6k-0-1\"> se ense\u00f1an las t\u00e9cnicas vocales, compas, estructura de palos, letras tradicionales y acompa\u00f1amiento a la guitarra y baile. <\/span><\/div>\n<\/div>\n<div class=\"_25Ehb _3qYRK Oh89J public-DraftStyleDefault-block-depth0 public-DraftStyleDefault-text-ltr fixed-tab-size rich_content_P\" data-block=\"true\" data-editor=\"editor\" data-offset-key=\"6voaj-0-0\">\n<div class=\"public-DraftStyleDefault-block public-DraftStyleDefault-ltr\" data-offset-key=\"6voaj-0-0\"><span data-offset-key=\"6voaj-0-0\">\u00a0<\/span><\/div>\n<\/div>\n<div class=\"_25Ehb _3qYRK Oh89J public-DraftStyleDefault-block-depth0 public-DraftStyleDefault-text-ltr fixed-tab-size rich_content_P\" data-block=\"true\" data-editor=\"editor\" data-offset-key=\"cdviu-0-0\">\n<div class=\"public-DraftStyleDefault-block public-DraftStyleDefault-ltr\" data-offset-key=\"cdviu-0-0\"><span data-offset-key=\"cdviu-0-0\">Guitarra Flamenca<\/span><span data-offset-key=\"cdviu-0-1\"> se ense\u00f1a la t\u00e9cnica, falsetas, compas, acompa\u00f1amiento al baile y cante.<\/span><\/div>\n<\/div>\n<div class=\"_25Ehb _3qYRK Oh89J public-DraftStyleDefault-block-depth0 public-DraftStyleDefault-text-ltr fixed-tab-size rich_content_P\" data-block=\"true\" data-editor=\"editor\" data-offset-key=\"epjcf-0-0\">\n<div class=\"public-DraftStyleDefault-block public-DraftStyleDefault-ltr\" data-offset-key=\"epjcf-0-0\"><span data-offset-key=\"epjcf-0-0\">\u00a0<\/span><\/div>\n<\/div>\n<div class=\"_25Ehb _3qYRK Oh89J public-DraftStyleDefault-block-depth0 public-DraftStyleDefault-text-ltr fixed-tab-size rich_content_P\" data-block=\"true\" data-editor=\"editor\" data-offset-key=\"7vr2l-0-0\">\n<div class=\"public-DraftStyleDefault-block public-DraftStyleDefault-ltr\" data-offset-key=\"7vr2l-0-0\"><span data-offset-key=\"7vr2l-0-0\">Buscan <\/span><span data-offset-key=\"7vr2l-0-1\">formar alumnos aficionados al flamenco <\/span><span data-offset-key=\"7vr2l-0-2\">as\u00ed como formar nuevos valores tanto del baile como del toque y cante, independientemente de la edad que se tenga, mediante el correcto aprendizaje de la t\u00e9cnica, comp\u00e1s y palos del flamenco.<\/span><\/div>\n<div data-offset-key=\"7vr2l-0-0\"><\/div>\n<\/div>\n<div class=\"_25Ehb _3qYRK Oh89J public-DraftStyleDefault-block-depth0 public-DraftStyleDefault-text-ltr fixed-tab-size rich_content_P\" data-block=\"true\" data-editor=\"editor\" data-offset-key=\"a70n4-0-0\">\n<div class=\"public-DraftStyleDefault-block public-DraftStyleDefault-ltr\" data-offset-key=\"a70n4-0-0\"><span data-offset-key=\"a70n4-0-0\">\u00a0<\/span><\/div>\n<\/div>\n<div class=\"_25Ehb _3qYRK Oh89J public-DraftStyleDefault-block-depth0 public-DraftStyleDefault-text-ltr fixed-tab-size rich_content_P\" data-block=\"true\" data-editor=\"editor\" data-offset-key=\"c6jip-0-0\">\n<div class=\"public-DraftStyleDefault-block public-DraftStyleDefault-ltr\" data-offset-key=\"c6jip-0-0\"><span data-offset-key=\"c6jip-0-0\">El <\/span><span data-offset-key=\"c6jip-0-1\">equipo de Tiritr\u00e1n esta conformado por 3 maestros<\/span><span data-offset-key=\"c6jip-0-2\"> especialistas en su \u00e1rea.<\/span><\/div>\n<\/div>\n<div class=\"_25Ehb _3qYRK Oh89J public-DraftStyleDefault-block-depth0 public-DraftStyleDefault-text-ltr fixed-tab-size rich_content_P\" data-block=\"true\" data-editor=\"editor\" data-offset-key=\"8k9m6-0-0\">\n<div class=\"public-DraftStyleDefault-block public-DraftStyleDefault-ltr\" data-offset-key=\"8k9m6-0-0\"><span data-offset-key=\"8k9m6-0-0\">Ana Mandujano Farruk<\/span><span data-offset-key=\"8k9m6-0-1\">, maestra de Flamenco, estudi\u00f3 en Escuela de Arte Flamenco \u201c Amor de Dios\u201d en Madrid con diversos artistas de talla nacional e internacional. <\/span><\/div>\n<\/div>\n<div class=\"_25Ehb _3qYRK Oh89J public-DraftStyleDefault-block-depth0 public-DraftStyleDefault-text-ltr fixed-tab-size rich_content_P\" data-block=\"true\" data-editor=\"editor\" data-offset-key=\"fonnn-0-0\">\n<div class=\"public-DraftStyleDefault-block public-DraftStyleDefault-ltr\" data-offset-key=\"fonnn-0-0\"><span data-offset-key=\"fonnn-0-0\">Alberto Solis<\/span><span data-offset-key=\"fonnn-0-1\">, maestro de cante, debuto en USA en el Belleayre Jazz Festival en NY. Ha trabajado con diversas compa\u00f1\u00edas flamencas y artistas reconocidos. <\/span><\/div>\n<\/div>\n<div class=\"_25Ehb _3qYRK Oh89J public-DraftStyleDefault-block-depth0 public-DraftStyleDefault-text-ltr fixed-tab-size rich_content_P\" data-block=\"true\" data-editor=\"editor\" data-offset-key=\"1vg9k-0-0\">\n<div class=\"public-DraftStyleDefault-block public-DraftStyleDefault-ltr\" data-offset-key=\"1vg9k-0-0\"><span data-offset-key=\"1vg9k-0-0\">Carlos \u00c1vila<\/span><span data-offset-key=\"1vg9k-0-1\">, maestro de guitarra, estudio composici\u00f3n musical en la Facultad de Bellas Artes en UAQ. M\u00fasico vers\u00e1til se desencanto por el Flamenco creando su propio grupo musical \u201csabores del mundo\u201d recorriendo por distintos escenarios. <\/span><\/div>\n<\/div>\n<div class=\"_25Ehb _3qYRK Oh89J public-DraftStyleDefault-block-depth0 public-DraftStyleDefault-text-ltr fixed-tab-size rich_content_P\" data-block=\"true\" data-editor=\"editor\" data-offset-key=\"aen7g-0-0\">\n<div class=\"public-DraftStyleDefault-block public-DraftStyleDefault-ltr\" data-offset-key=\"aen7g-0-0\"><span data-offset-key=\"aen7g-0-0\">\u00a0<\/span><\/div>\n<\/div>\n<div class=\"_25Ehb _3qYRK Oh89J public-DraftStyleDefault-block-depth0 public-DraftStyleDefault-text-ltr fixed-tab-size rich_content_P\" data-block=\"true\" data-editor=\"editor\" data-offset-key=\"apevq-0-0\">\n<div class=\"public-DraftStyleDefault-block public-DraftStyleDefault-ltr\" data-offset-key=\"apevq-0-0\"><span data-offset-key=\"apevq-0-0\">Se <\/span><span data-offset-key=\"apevq-0-1\">diferencian<\/span><span data-offset-key=\"apevq-0-2\"> por ser una academia exclusivamente enfocada al flamenco, con grupos peque\u00f1os para tener una atenci\u00f3n m\u00e1s personalizada. <\/span><\/div>\n<\/div>\n<div class=\"_25Ehb _3qYRK Oh89J public-DraftStyleDefault-block-depth0 public-DraftStyleDefault-text-ltr fixed-tab-size rich_content_P\" data-block=\"true\" data-editor=\"editor\" data-offset-key=\"87bn4-0-0\">\n<div class=\"public-DraftStyleDefault-block public-DraftStyleDefault-ltr\" data-offset-key=\"87bn4-0-0\"><span data-offset-key=\"87bn4-0-0\">\u00a0<\/span><\/div>\n<\/div>\n<div class=\"_25Ehb _3qYRK Oh89J public-DraftStyleDefault-block-depth0 public-DraftStyleDefault-text-ltr fixed-tab-size rich_content_P\" data-block=\"true\" data-editor=\"editor\" data-offset-key=\"ep458-0-0\">\n<div class=\"public-DraftStyleDefault-block public-DraftStyleDefault-ltr\" data-offset-key=\"ep458-0-0\"><span data-offset-key=\"ep458-0-0\">Para fomentar el constante aprendizaje, a lo largo del a\u00f1o realizan <\/span><span data-offset-key=\"ep458-0-1\">cursos con Artistas Nacionales e Internacionales de renombre<\/span><span data-offset-key=\"ep458-0-2\">, para que as\u00ed los alumnos puedan tener un amplio concepto de la t\u00e9cnica. <\/span><\/div>\n<div data-offset-key=\"ep458-0-0\"><\/div>\n<\/div>\n<\/div>\n<div data-draftjs-conductor-fragment=\"{&quot;blocks&quot;:[{&quot;key&quot;:&quot;e3ipa&quot;,&quot;text&quot;:&quot;Tirititr\u00e1n, Centro de Ense\u00f1anza Flamenca, es una academia de Arte dedicada exclusivamente a la ense\u00f1anza del Flamenco en sus tres vertientes, baile, cante y guitarra.&quot;,&quot;type&quot;:&quot;unstyled&quot;,&quot;depth&quot;:0,&quot;inlineStyleRanges&quot;:[{&quot;offset&quot;:49,&quot;length&quot;:68,&quot;style&quot;:&quot;BOLD&quot;}],&quot;entityRanges&quot;:[],&quot;data&quot;:{}},{&quot;key&quot;:&quot;et5n9&quot;,&quot;text&quot;:&quot; &quot;,&quot;type&quot;:&quot;atomic&quot;,&quot;depth&quot;:0,&quot;inlineStyleRanges&quot;:[],&quot;entityRanges&quot;:[{&quot;offset&quot;:0,&quot;length&quot;:1,&quot;key&quot;:0}],&quot;data&quot;:{}},{&quot;key&quot;:&quot;f5puq&quot;,&quot;text&quot;:&quot;&quot;,&quot;type&quot;:&quot;unstyled&quot;,&quot;depth&quot;:0,&quot;inlineStyleRanges&quot;:[],&quot;entityRanges&quot;:[],&quot;data&quot;:{}},{&quot;key&quot;:&quot;73kkt&quot;,&quot;text&quot;:&quot;Su objetivo es la ense\u00f1anza, difusi\u00f3n y preservaci\u00f3n del arte Flamenco. &quot;,&quot;type&quot;:&quot;unstyled&quot;,&quot;depth&quot;:0,&quot;inlineStyleRanges&quot;:[{&quot;offset&quot;:3,&quot;length&quot;:67,&quot;style&quot;:&quot;BOLD&quot;}],&quot;entityRanges&quot;:[],&quot;data&quot;:{}},{&quot;key&quot;:&quot;5a4gr&quot;,&quot;text&quot;:&quot;&quot;,&quot;type&quot;:&quot;unstyled&quot;,&quot;depth&quot;:0,&quot;inlineStyleRanges&quot;:[],&quot;entityRanges&quot;:[],&quot;data&quot;:{}},{&quot;key&quot;:&quot;dv94f&quot;,&quot;text&quot;:&quot;A finales de 2017 a\u00f1aden una misi\u00f3n m\u00e1s que es la dignificaci\u00f3n del flamenco, logr\u00e1ndolo mediante el formato Tablao (espect\u00e1culo abierto al p\u00fablico en general). &quot;,&quot;type&quot;:&quot;unstyled&quot;,&quot;depth&quot;:0,&quot;inlineStyleRanges&quot;:[],&quot;entityRanges&quot;:[],&quot;data&quot;:{}},{&quot;key&quot;:&quot;1klqs&quot;,&quot;text&quot;:&quot;&quot;,&quot;type&quot;:&quot;unstyled&quot;,&quot;depth&quot;:0,&quot;inlineStyleRanges&quot;:[],&quot;entityRanges&quot;:[],&quot;data&quot;:{}},{&quot;key&quot;:&quot;8b2oq&quot;,&quot;text&quot;:&quot;En cuanto a sus clases, se enfocan exclusivamente a la ense\u00f1anza del Flamenco en sus 3 vertientes:&quot;,&quot;type&quot;:&quot;unstyled&quot;,&quot;depth&quot;:0,&quot;inlineStyleRanges&quot;:[{&quot;offset&quot;:16,&quot;length&quot;:6,&quot;style&quot;:&quot;BOLD&quot;}],&quot;entityRanges&quot;:[],&quot;data&quot;:{}},{&quot;key&quot;:&quot;3hg8h&quot;,&quot;text&quot;:&quot;Baile Flamenco se imparte tanto la t\u00e9cnica corporal como de pies y coreograf\u00eda.&quot;,&quot;type&quot;:&quot;unstyled&quot;,&quot;depth&quot;:0,&quot;inlineStyleRanges&quot;:[{&quot;offset&quot;:0,&quot;length&quot;:14,&quot;style&quot;:&quot;BOLD&quot;}],&quot;entityRanges&quot;:[],&quot;data&quot;:{}},{&quot;key&quot;:&quot;576jp&quot;,&quot;text&quot;:&quot;&quot;,&quot;type&quot;:&quot;unstyled&quot;,&quot;depth&quot;:0,&quot;inlineStyleRanges&quot;:[],&quot;entityRanges&quot;:[],&quot;data&quot;:{}},{&quot;key&quot;:&quot;chvr2&quot;,&quot;text&quot;:&quot;Cante Flamenco se ense\u00f1an las t\u00e9cnicas vocales, compas, estructura de palos, letras tradicionales y acompa\u00f1amiento a la guitarra y baile.  &quot;,&quot;type&quot;:&quot;unstyled&quot;,&quot;depth&quot;:0,&quot;inlineStyleRanges&quot;:[{&quot;offset&quot;:0,&quot;length&quot;:14,&quot;style&quot;:&quot;BOLD&quot;}],&quot;entityRanges&quot;:[],&quot;data&quot;:{}},{&quot;key&quot;:&quot;222n2&quot;,&quot;text&quot;:&quot;&quot;,&quot;type&quot;:&quot;unstyled&quot;,&quot;depth&quot;:0,&quot;inlineStyleRanges&quot;:[],&quot;entityRanges&quot;:[],&quot;data&quot;:{}},{&quot;key&quot;:&quot;ee15c&quot;,&quot;text&quot;:&quot;Guitarra Flamenca se ense\u00f1a la t\u00e9cnica, falsetas, compas, acompa\u00f1amiento al baile y cante.&quot;,&quot;type&quot;:&quot;unstyled&quot;,&quot;depth&quot;:0,&quot;inlineStyleRanges&quot;:[{&quot;offset&quot;:0,&quot;length&quot;:17,&quot;style&quot;:&quot;BOLD&quot;}],&quot;entityRanges&quot;:[],&quot;data&quot;:{}},{&quot;key&quot;:&quot;5q58d&quot;,&quot;text&quot;:&quot;&quot;,&quot;type&quot;:&quot;unstyled&quot;,&quot;depth&quot;:0,&quot;inlineStyleRanges&quot;:[],&quot;entityRanges&quot;:[],&quot;data&quot;:{}},{&quot;key&quot;:&quot;duatc&quot;,&quot;text&quot;:&quot;Buscan formar alumnos aficionados al flamenco as\u00ed como formar nuevos valores tanto del baile como del toque y cante, independientemente de la edad que se tenga, mediante el correcto aprendizaje de la t\u00e9cnica, comp\u00e1s y palos del flamenco.&quot;,&quot;type&quot;:&quot;unstyled&quot;,&quot;depth&quot;:0,&quot;inlineStyleRanges&quot;:[{&quot;offset&quot;:7,&quot;length&quot;:39,&quot;style&quot;:&quot;BOLD&quot;}],&quot;entityRanges&quot;:[],&quot;data&quot;:{}},{&quot;key&quot;:&quot;6b9dq&quot;,&quot;text&quot;:&quot; &quot;,&quot;type&quot;:&quot;atomic&quot;,&quot;depth&quot;:0,&quot;inlineStyleRanges&quot;:[],&quot;entityRanges&quot;:[{&quot;offset&quot;:0,&quot;length&quot;:1,&quot;key&quot;:1}],&quot;data&quot;:{}},{&quot;key&quot;:&quot;f17gn&quot;,&quot;text&quot;:&quot;&quot;,&quot;type&quot;:&quot;unstyled&quot;,&quot;depth&quot;:0,&quot;inlineStyleRanges&quot;:[],&quot;entityRanges&quot;:[],&quot;data&quot;:{}},{&quot;key&quot;:&quot;9l1i6&quot;,&quot;text&quot;:&quot;El equipo de Tiritr\u00e1n esta conformado por 3 maestros especialistas en su \u00e1rea.&quot;,&quot;type&quot;:&quot;unstyled&quot;,&quot;depth&quot;:0,&quot;inlineStyleRanges&quot;:[{&quot;offset&quot;:3,&quot;length&quot;:49,&quot;style&quot;:&quot;BOLD&quot;}],&quot;entityRanges&quot;:[],&quot;data&quot;:{}},{&quot;key&quot;:&quot;1l94k&quot;,&quot;text&quot;:&quot;Ana Mandujano Farruk, maestra de Flamenco, estudi\u00f3 en Escuela de Arte Flamenco \u201c Amor de Dios\u201d en Madrid con diversos artistas de talla nacional e internacional. &quot;,&quot;type&quot;:&quot;unstyled&quot;,&quot;depth&quot;:0,&quot;inlineStyleRanges&quot;:[{&quot;offset&quot;:0,&quot;length&quot;:20,&quot;style&quot;:&quot;BOLD&quot;}],&quot;entityRanges&quot;:[],&quot;data&quot;:{}},{&quot;key&quot;:&quot;8tm1g&quot;,&quot;text&quot;:&quot;Alberto Solis, maestro de cante, debuto en USA en el Belleayre Jazz Festival en NY. Ha trabajado con diversas compa\u00f1\u00edas flamencas y artistas reconocidos. &quot;,&quot;type&quot;:&quot;unstyled&quot;,&quot;depth&quot;:0,&quot;inlineStyleRanges&quot;:[{&quot;offset&quot;:0,&quot;length&quot;:13,&quot;style&quot;:&quot;BOLD&quot;}],&quot;entityRanges&quot;:[],&quot;data&quot;:{}},{&quot;key&quot;:&quot;6e9qo&quot;,&quot;text&quot;:&quot;Carlos \u00c1vila, maestro de guitarra, estudio composici\u00f3n musical en la Facultad de Bellas Artes en UAQ. M\u00fasico vers\u00e1til se desencanto por el Flamenco creando su propio grupo musical \u201csabores del mundo\u201d recorriendo por distintos escenarios. &quot;,&quot;type&quot;:&quot;unstyled&quot;,&quot;depth&quot;:0,&quot;inlineStyleRanges&quot;:[{&quot;offset&quot;:0,&quot;length&quot;:12,&quot;style&quot;:&quot;BOLD&quot;}],&quot;entityRanges&quot;:[],&quot;data&quot;:{}},{&quot;key&quot;:&quot;4sq7k&quot;,&quot;text&quot;:&quot;&quot;,&quot;type&quot;:&quot;unstyled&quot;,&quot;depth&quot;:0,&quot;inlineStyleRanges&quot;:[],&quot;entityRanges&quot;:[],&quot;data&quot;:{}},{&quot;key&quot;:&quot;8bphb&quot;,&quot;text&quot;:&quot;Se diferencian por ser una academia exclusivamente enfocada al flamenco, con grupos peque\u00f1os para tener una atenci\u00f3n m\u00e1s personalizada. &quot;,&quot;type&quot;:&quot;unstyled&quot;,&quot;depth&quot;:0,&quot;inlineStyleRanges&quot;:[{&quot;offset&quot;:3,&quot;length&quot;:11,&quot;style&quot;:&quot;BOLD&quot;}],&quot;entityRanges&quot;:[],&quot;data&quot;:{}},{&quot;key&quot;:&quot;eqccb&quot;,&quot;text&quot;:&quot;&quot;,&quot;type&quot;:&quot;unstyled&quot;,&quot;depth&quot;:0,&quot;inlineStyleRanges&quot;:[],&quot;entityRanges&quot;:[],&quot;data&quot;:{}},{&quot;key&quot;:&quot;4knj1&quot;,&quot;text&quot;:&quot;Para fomentar el constante aprendizaje, a lo largo del a\u00f1o realizan cursos con Artistas Nacionales e Internacionales de renombre, para que as\u00ed los alumnos puedan tener un amplio concepto de la t\u00e9cnica. &quot;,&quot;type&quot;:&quot;unstyled&quot;,&quot;depth&quot;:0,&quot;inlineStyleRanges&quot;:[{&quot;offset&quot;:68,&quot;length&quot;:60,&quot;style&quot;:&quot;BOLD&quot;}],&quot;entityRanges&quot;:[],&quot;data&quot;:{}},{&quot;key&quot;:&quot;2nq2j&quot;,&quot;text&quot;:&quot; &quot;,&quot;type&quot;:&quot;atomic&quot;,&quot;depth&quot;:0,&quot;inlineStyleRanges&quot;:[],&quot;entityRanges&quot;:[{&quot;offset&quot;:0,&quot;length&quot;:1,&quot;key&quot;:2}],&quot;data&quot;:{}},{&quot;key&quot;:&quot;chukf&quot;,&quot;text&quot;:&quot;Ofrecen Masterclasses como Bulerias de Jerez por Armando Tovar y Noches de Tablao por Farruk y Armando Tovar.&quot;,&quot;type&quot;:&quot;unstyled&quot;,&quot;depth&quot;:0,&quot;inlineStyleRanges&quot;:[{&quot;offset&quot;:8,&quot;length&quot;:13,&quot;style&quot;:&quot;BOLD&quot;},{&quot;offset&quot;:65,&quot;length&quot;:16,&quot;style&quot;:&quot;BOLD&quot;}],&quot;entityRanges&quot;:[],&quot;data&quot;:{}},{&quot;key&quot;:&quot;35ch1&quot;,&quot;text&quot;:&quot;&quot;,&quot;type&quot;:&quot;unstyled&quot;,&quot;depth&quot;:0,&quot;inlineStyleRanges&quot;:[],&quot;entityRanges&quot;:[],&quot;data&quot;:{}},{&quot;key&quot;:&quot;1trj4&quot;,&quot;text&quot;:&quot;Dentro de sus instalaciones encontrar\u00e1s un sal\u00f3n perfectamente adecuado para que recibas sin ning\u00fan inconveniente tus clases de Flamenco. &quot;,&quot;type&quot;:&quot;unstyled&quot;,&quot;depth&quot;:0,&quot;inlineStyleRanges&quot;:[{&quot;offset&quot;:14,&quot;length&quot;:13,&quot;style&quot;:&quot;BOLD&quot;}],&quot;entityRanges&quot;:[],&quot;data&quot;:{}},{&quot;key&quot;:&quot;cdntk&quot;,&quot;text&quot;:&quot;&quot;,&quot;type&quot;:&quot;unstyled&quot;,&quot;depth&quot;:0,&quot;inlineStyleRanges&quot;:[],&quot;entityRanges&quot;:[],&quot;data&quot;:{}},{&quot;key&quot;:&quot;cf3op&quot;,&quot;text&quot;:&quot;Recuerda que estar\u00e1s ingresando a una clase ya establecida, a\u00fan siendo principiante puedes ingresar a las clases siguiendo el ritmo y din\u00e1mica que tenemos establecido.&quot;,&quot;type&quot;:&quot;unstyled&quot;,&quot;depth&quot;:0,&quot;inlineStyleRanges&quot;:[{&quot;offset&quot;:0,&quot;length&quot;:9,&quot;style&quot;:&quot;BOLD&quot;}],&quot;entityRanges&quot;:[],&quot;data&quot;:{}},{&quot;key&quot;:&quot;58p6f&quot;,&quot;text&quot;:&quot;Para baile, tendr\u00e1s que entrar con zapatos de flamenco , ropa c\u00f3moda y agua para mantenerte hidratado.&quot;,&quot;type&quot;:&quot;unstyled&quot;,&quot;depth&quot;:0,&quot;inlineStyleRanges&quot;:[],&quot;entityRanges&quot;:[],&quot;data&quot;:{}},{&quot;key&quot;:&quot;5lih3&quot;,&quot;text&quot;:&quot;Para cante, tendr\u00e1s que traer cuaderno, bol\u00edgrafo, agua para mantenerte hidratado.&quot;,&quot;type&quot;:&quot;unstyled&quot;,&quot;depth&quot;:0,&quot;inlineStyleRanges&quot;:[],&quot;entityRanges&quot;:[],&quot;data&quot;:{}},{&quot;key&quot;:&quot;ba3e4&quot;,&quot;text&quot;:&quot;Para guitarra, tendr\u00e1s que traer tu propia guitarra, cuaderno y bol\u00edgrafo.&quot;,&quot;type&quot;:&quot;unstyled&quot;,&quot;depth&quot;:0,&quot;inlineStyleRanges&quot;:[],&quot;entityRanges&quot;:[],&quot;data&quot;:{}},{&quot;key&quot;:&quot;e4e63&quot;,&quot;text&quot;:&quot;&quot;,&quot;type&quot;:&quot;unstyled&quot;,&quot;depth&quot;:0,&quot;inlineStyleRanges&quot;:[],&quot;entityRanges&quot;:[],&quot;data&quot;:{}},{&quot;key&quot;:&quot;4t4s&quot;,&quot;text&quot;:&quot;Acude con toda la actitud y ganas de probar lo que este lugar tiene para ti. &quot;,&quot;type&quot;:&quot;unstyled&quot;,&quot;depth&quot;:0,&quot;inlineStyleRanges&quot;:[{&quot;offset&quot;:18,&quot;length&quot;:25,&quot;style&quot;:&quot;BOLD&quot;}],&quot;entityRanges&quot;:[],&quot;data&quot;:{}},{&quot;key&quot;:&quot;6qpq3&quot;,&quot;text&quot;:&quot;&quot;,&quot;type&quot;:&quot;unstyled&quot;,&quot;depth&quot;:0,&quot;inlineStyleRanges&quot;:[],&quot;entityRanges&quot;:[],&quot;data&quot;:{}},{&quot;key&quot;:&quot;cl6b9&quot;,&quot;text&quot;:&quot;\u00bfQu\u00e9 esperas para conocerlos? Reserva tus clases por medio de la App de Fitpass M\u00e9xico y s\u00edguenos en Facebook: Fitpass M\u00e9xico o Instagram: @Fitpassmx para estar al tanto de nuestros tips y promociones.&quot;,&quot;type&quot;:&quot;unstyled&quot;,&quot;depth&quot;:0,&quot;inlineStyleRanges&quot;:[{&quot;offset&quot;:0,&quot;length&quot;:29,&quot;style&quot;:&quot;BOLD&quot;}],&quot;entityRanges&quot;:[],&quot;data&quot;:{}},{&quot;key&quot;:&quot;dnuob&quot;,&quot;text&quot;:&quot;&quot;,&quot;type&quot;:&quot;unstyled&quot;,&quot;depth&quot;:0,&quot;inlineStyleRanges&quot;:[],&quot;entityRanges&quot;:[],&quot;data&quot;:{}},{&quot;key&quot;:&quot;4ok3h&quot;,&quot;text&quot;:&quot;Tirititr\u00e1n, Centro de Ense\u00f1anza Flamenca QRO| 5 de Mayo, 178-a, int3 ( entre Damian carmona y tres Guerras)| www.tirititranqro.com|Facebook: Tirititr\u00e1n| Instagram: @eltirititr\u00e1n&quot;,&quot;type&quot;:&quot;unstyled&quot;,&quot;depth&quot;:0,&quot;inlineStyleRanges&quot;:[],&quot;entityRanges&quot;:[],&quot;data&quot;:{}},{&quot;key&quot;:&quot;92jj2&quot;,&quot;text&quot;:&quot;&quot;,&quot;type&quot;:&quot;unstyled&quot;,&quot;depth&quot;:0,&quot;inlineStyleRanges&quot;:[],&quot;entityRanges&quot;:[],&quot;data&quot;:{}},{&quot;key&quot;:&quot;f4kd9&quot;,&quot;text&quot;:&quot;Por: Renata de la Paz &quot;,&quot;type&quot;:&quot;unstyled&quot;,&quot;depth&quot;:0,&quot;inlineStyleRanges&quot;:[{&quot;offset&quot;:0,&quot;length&quot;:22,&quot;style&quot;:&quot;BOLD&quot;}],&quot;entityRanges&quot;:[],&quot;data&quot;:{}},{&quot;key&quot;:&quot;d1hab&quot;,&quot;text&quot;:&quot;-----------------------------&quot;,&quot;type&quot;:&quot;unstyled&quot;,&quot;depth&quot;:0,&quot;inlineStyleRanges&quot;:[{&quot;offset&quot;:0,&quot;length&quot;:29,&quot;style&quot;:&quot;BOLD&quot;}],&quot;entityRanges&quot;:[],&quot;data&quot;:{}},{&quot;key&quot;:&quot;bs9fi&quot;,&quot;text&quot;:&quot;Renata de la Paz Mart\u00ednez de Velasco, es estudiante de Administraci\u00f3n y Mercadotecnia en la Universidad Panamericana.  Ha trabajado en la OECD Par\u00eds y colaboradora de Soy Corredora. Apasionada del deporte, ha practicado tenis de alto rendimiento, formado parte de la selecci\u00f3n femenil de f\u00fatbol en Marymount y participante en el Marat\u00f3n Schneider Electric Paris. &quot;,&quot;type&quot;:&quot;unstyled&quot;,&quot;depth&quot;:0,&quot;inlineStyleRanges&quot;:[{&quot;offset&quot;:0,&quot;length&quot;:36,&quot;style&quot;:&quot;BOLD&quot;}],&quot;entityRanges&quot;:[],&quot;data&quot;:{}},{&quot;key&quot;:&quot;fgdmi&quot;,&quot;text&quot;:&quot;Correo: renata@fitpass.mx Instagram: Renatadlp&quot;,&quot;type&quot;:&quot;unstyled&quot;,&quot;depth&quot;:0,&quot;inlineStyleRanges&quot;:[{&quot;offset&quot;:8,&quot;length&quot;:17,&quot;style&quot;:&quot;UNDERLINE&quot;}],&quot;entityRanges&quot;:[{&quot;offset&quot;:8,&quot;length&quot;:17,&quot;key&quot;:3}],&quot;data&quot;:{}}],&quot;entityMap&quot;:{&quot;0&quot;:{&quot;type&quot;:&quot;wix-draft-plugin-image&quot;,&quot;mutability&quot;:&quot;IMMUTABLE&quot;,&quot;data&quot;:{&quot;config&quot;:{&quot;alignment&quot;:&quot;left&quot;,&quot;size&quot;:&quot;small&quot;,&quot;showTitle&quot;:true,&quot;showDescription&quot;:true,&quot;key&quot;:&quot;584gb&quot;,&quot;textWrap&quot;:&quot;wrap&quot;},&quot;src&quot;:{&quot;id&quot;:&quot;8794f7_1a368e6e8e084ffa85dd2f7b01dc6542~mv2.png&quot;,&quot;original_file_name&quot;:&quot;8794f7_1a368e6e8e084ffa85dd2f7b01dc6542~mv2.png&quot;,&quot;file_name&quot;:&quot;8794f7_1a368e6e8e084ffa85dd2f7b01dc6542~mv2.png&quot;,&quot;width&quot;:655,&quot;height&quot;:468}}},&quot;1&quot;:{&quot;type&quot;:&quot;wix-draft-plugin-image&quot;,&quot;mutability&quot;:&quot;IMMUTABLE&quot;,&quot;data&quot;:{&quot;config&quot;:{&quot;alignment&quot;:&quot;center&quot;,&quot;size&quot;:&quot;content&quot;,&quot;showTitle&quot;:true,&quot;showDescription&quot;:true,&quot;key&quot;:&quot;6r0v4&quot;,&quot;textWrap&quot;:&quot;wrap&quot;},&quot;src&quot;:{&quot;id&quot;:&quot;8794f7_e5d351977ddd4783900ac280321dcdd0~mv2.jpg&quot;,&quot;original_file_name&quot;:&quot;8794f7_e5d351977ddd4783900ac280321dcdd0~mv2.jpg&quot;,&quot;file_name&quot;:&quot;8794f7_e5d351977ddd4783900ac280321dcdd0~mv2.jpg&quot;,&quot;width&quot;:1024,&quot;height&quot;:488}}},&quot;2&quot;:{&quot;type&quot;:&quot;wix-draft-plugin-image&quot;,&quot;mutability&quot;:&quot;IMMUTABLE&quot;,&quot;data&quot;:{&quot;config&quot;:{&quot;alignment&quot;:&quot;center&quot;,&quot;size&quot;:&quot;content&quot;,&quot;showTitle&quot;:true,&quot;showDescription&quot;:true,&quot;key&quot;:&quot;cbl4j&quot;,&quot;textWrap&quot;:&quot;wrap&quot;},&quot;src&quot;:{&quot;id&quot;:&quot;8794f7_c30d8dbb5b9840548764f4dec2f6f6cc~mv2.png&quot;,&quot;original_file_name&quot;:&quot;8794f7_c30d8dbb5b9840548764f4dec2f6f6cc~mv2.png&quot;,&quot;file_name&quot;:&quot;8794f7_c30d8dbb5b9840548764f4dec2f6f6cc~mv2.png&quot;,&quot;width&quot;:960,&quot;height&quot;:384}}},&quot;3&quot;:{&quot;type&quot;:&quot;LINK&quot;,&quot;mutability&quot;:&quot;MUTABLE&quot;,&quot;data&quot;:{&quot;href&quot;:&quot;mailto:renata@fitpass.mx&quot;,&quot;url&quot;:&quot;mailto:renata@fitpass.mx&quot;,&quot;target&quot;:&quot;_top&quot;,&quot;rel&quot;:&quot;noopener&quot;}}},&quot;VERSION&quot;:&quot;9.3.6&quot;}\"><img decoding=\"async\" class=\"alignnone size-full wp-image-2167\" src=\"http:\/\/amak.mx\/fitpass\/wp-content\/uploads\/2022\/12\/8794f7_c30d8dbb5b9840548764f4dec2f6f6ccmv2.webp\" alt=\"\" width=\"960\" height=\"384\" \/><\/div>\n<div data-draftjs-conductor-fragment=\"{&quot;blocks&quot;:[{&quot;key&quot;:&quot;e3ipa&quot;,&quot;text&quot;:&quot;Tirititr\u00e1n, Centro de Ense\u00f1anza Flamenca, es una academia de Arte dedicada exclusivamente a la ense\u00f1anza del Flamenco en sus tres vertientes, baile, cante y guitarra.&quot;,&quot;type&quot;:&quot;unstyled&quot;,&quot;depth&quot;:0,&quot;inlineStyleRanges&quot;:[{&quot;offset&quot;:49,&quot;length&quot;:68,&quot;style&quot;:&quot;BOLD&quot;}],&quot;entityRanges&quot;:[],&quot;data&quot;:{}},{&quot;key&quot;:&quot;et5n9&quot;,&quot;text&quot;:&quot; &quot;,&quot;type&quot;:&quot;atomic&quot;,&quot;depth&quot;:0,&quot;inlineStyleRanges&quot;:[],&quot;entityRanges&quot;:[{&quot;offset&quot;:0,&quot;length&quot;:1,&quot;key&quot;:0}],&quot;data&quot;:{}},{&quot;key&quot;:&quot;f5puq&quot;,&quot;text&quot;:&quot;&quot;,&quot;type&quot;:&quot;unstyled&quot;,&quot;depth&quot;:0,&quot;inlineStyleRanges&quot;:[],&quot;entityRanges&quot;:[],&quot;data&quot;:{}},{&quot;key&quot;:&quot;73kkt&quot;,&quot;text&quot;:&quot;Su objetivo es la ense\u00f1anza, difusi\u00f3n y preservaci\u00f3n del arte Flamenco. &quot;,&quot;type&quot;:&quot;unstyled&quot;,&quot;depth&quot;:0,&quot;inlineStyleRanges&quot;:[{&quot;offset&quot;:3,&quot;length&quot;:67,&quot;style&quot;:&quot;BOLD&quot;}],&quot;entityRanges&quot;:[],&quot;data&quot;:{}},{&quot;key&quot;:&quot;5a4gr&quot;,&quot;text&quot;:&quot;&quot;,&quot;type&quot;:&quot;unstyled&quot;,&quot;depth&quot;:0,&quot;inlineStyleRanges&quot;:[],&quot;entityRanges&quot;:[],&quot;data&quot;:{}},{&quot;key&quot;:&quot;dv94f&quot;,&quot;text&quot;:&quot;A finales de 2017 a\u00f1aden una misi\u00f3n m\u00e1s que es la dignificaci\u00f3n del flamenco, logr\u00e1ndolo mediante el formato Tablao (espect\u00e1culo abierto al p\u00fablico en general). &quot;,&quot;type&quot;:&quot;unstyled&quot;,&quot;depth&quot;:0,&quot;inlineStyleRanges&quot;:[],&quot;entityRanges&quot;:[],&quot;data&quot;:{}},{&quot;key&quot;:&quot;1klqs&quot;,&quot;text&quot;:&quot;&quot;,&quot;type&quot;:&quot;unstyled&quot;,&quot;depth&quot;:0,&quot;inlineStyleRanges&quot;:[],&quot;entityRanges&quot;:[],&quot;data&quot;:{}},{&quot;key&quot;:&quot;8b2oq&quot;,&quot;text&quot;:&quot;En cuanto a sus clases, se enfocan exclusivamente a la ense\u00f1anza del Flamenco en sus 3 vertientes:&quot;,&quot;type&quot;:&quot;unstyled&quot;,&quot;depth&quot;:0,&quot;inlineStyleRanges&quot;:[{&quot;offset&quot;:16,&quot;length&quot;:6,&quot;style&quot;:&quot;BOLD&quot;}],&quot;entityRanges&quot;:[],&quot;data&quot;:{}},{&quot;key&quot;:&quot;3hg8h&quot;,&quot;text&quot;:&quot;Baile Flamenco se imparte tanto la t\u00e9cnica corporal como de pies y coreograf\u00eda.&quot;,&quot;type&quot;:&quot;unstyled&quot;,&quot;depth&quot;:0,&quot;inlineStyleRanges&quot;:[{&quot;offset&quot;:0,&quot;length&quot;:14,&quot;style&quot;:&quot;BOLD&quot;}],&quot;entityRanges&quot;:[],&quot;data&quot;:{}},{&quot;key&quot;:&quot;576jp&quot;,&quot;text&quot;:&quot;&quot;,&quot;type&quot;:&quot;unstyled&quot;,&quot;depth&quot;:0,&quot;inlineStyleRanges&quot;:[],&quot;entityRanges&quot;:[],&quot;data&quot;:{}},{&quot;key&quot;:&quot;chvr2&quot;,&quot;text&quot;:&quot;Cante Flamenco se ense\u00f1an las t\u00e9cnicas vocales, compas, estructura de palos, letras tradicionales y acompa\u00f1amiento a la guitarra y baile.  &quot;,&quot;type&quot;:&quot;unstyled&quot;,&quot;depth&quot;:0,&quot;inlineStyleRanges&quot;:[{&quot;offset&quot;:0,&quot;length&quot;:14,&quot;style&quot;:&quot;BOLD&quot;}],&quot;entityRanges&quot;:[],&quot;data&quot;:{}},{&quot;key&quot;:&quot;222n2&quot;,&quot;text&quot;:&quot;&quot;,&quot;type&quot;:&quot;unstyled&quot;,&quot;depth&quot;:0,&quot;inlineStyleRanges&quot;:[],&quot;entityRanges&quot;:[],&quot;data&quot;:{}},{&quot;key&quot;:&quot;ee15c&quot;,&quot;text&quot;:&quot;Guitarra Flamenca se ense\u00f1a la t\u00e9cnica, falsetas, compas, acompa\u00f1amiento al baile y cante.&quot;,&quot;type&quot;:&quot;unstyled&quot;,&quot;depth&quot;:0,&quot;inlineStyleRanges&quot;:[{&quot;offset&quot;:0,&quot;length&quot;:17,&quot;style&quot;:&quot;BOLD&quot;}],&quot;entityRanges&quot;:[],&quot;data&quot;:{}},{&quot;key&quot;:&quot;5q58d&quot;,&quot;text&quot;:&quot;&quot;,&quot;type&quot;:&quot;unstyled&quot;,&quot;depth&quot;:0,&quot;inlineStyleRanges&quot;:[],&quot;entityRanges&quot;:[],&quot;data&quot;:{}},{&quot;key&quot;:&quot;duatc&quot;,&quot;text&quot;:&quot;Buscan formar alumnos aficionados al flamenco as\u00ed como formar nuevos valores tanto del baile como del toque y cante, independientemente de la edad que se tenga, mediante el correcto aprendizaje de la t\u00e9cnica, comp\u00e1s y palos del flamenco.&quot;,&quot;type&quot;:&quot;unstyled&quot;,&quot;depth&quot;:0,&quot;inlineStyleRanges&quot;:[{&quot;offset&quot;:7,&quot;length&quot;:39,&quot;style&quot;:&quot;BOLD&quot;}],&quot;entityRanges&quot;:[],&quot;data&quot;:{}},{&quot;key&quot;:&quot;6b9dq&quot;,&quot;text&quot;:&quot; &quot;,&quot;type&quot;:&quot;atomic&quot;,&quot;depth&quot;:0,&quot;inlineStyleRanges&quot;:[],&quot;entityRanges&quot;:[{&quot;offset&quot;:0,&quot;length&quot;:1,&quot;key&quot;:1}],&quot;data&quot;:{}},{&quot;key&quot;:&quot;f17gn&quot;,&quot;text&quot;:&quot;&quot;,&quot;type&quot;:&quot;unstyled&quot;,&quot;depth&quot;:0,&quot;inlineStyleRanges&quot;:[],&quot;entityRanges&quot;:[],&quot;data&quot;:{}},{&quot;key&quot;:&quot;9l1i6&quot;,&quot;text&quot;:&quot;El equipo de Tiritr\u00e1n esta conformado por 3 maestros especialistas en su \u00e1rea.&quot;,&quot;type&quot;:&quot;unstyled&quot;,&quot;depth&quot;:0,&quot;inlineStyleRanges&quot;:[{&quot;offset&quot;:3,&quot;length&quot;:49,&quot;style&quot;:&quot;BOLD&quot;}],&quot;entityRanges&quot;:[],&quot;data&quot;:{}},{&quot;key&quot;:&quot;1l94k&quot;,&quot;text&quot;:&quot;Ana Mandujano Farruk, maestra de Flamenco, estudi\u00f3 en Escuela de Arte Flamenco \u201c Amor de Dios\u201d en Madrid con diversos artistas de talla nacional e internacional. &quot;,&quot;type&quot;:&quot;unstyled&quot;,&quot;depth&quot;:0,&quot;inlineStyleRanges&quot;:[{&quot;offset&quot;:0,&quot;length&quot;:20,&quot;style&quot;:&quot;BOLD&quot;}],&quot;entityRanges&quot;:[],&quot;data&quot;:{}},{&quot;key&quot;:&quot;8tm1g&quot;,&quot;text&quot;:&quot;Alberto Solis, maestro de cante, debuto en USA en el Belleayre Jazz Festival en NY. Ha trabajado con diversas compa\u00f1\u00edas flamencas y artistas reconocidos. &quot;,&quot;type&quot;:&quot;unstyled&quot;,&quot;depth&quot;:0,&quot;inlineStyleRanges&quot;:[{&quot;offset&quot;:0,&quot;length&quot;:13,&quot;style&quot;:&quot;BOLD&quot;}],&quot;entityRanges&quot;:[],&quot;data&quot;:{}},{&quot;key&quot;:&quot;6e9qo&quot;,&quot;text&quot;:&quot;Carlos \u00c1vila, maestro de guitarra, estudio composici\u00f3n musical en la Facultad de Bellas Artes en UAQ. M\u00fasico vers\u00e1til se desencanto por el Flamenco creando su propio grupo musical \u201csabores del mundo\u201d recorriendo por distintos escenarios. &quot;,&quot;type&quot;:&quot;unstyled&quot;,&quot;depth&quot;:0,&quot;inlineStyleRanges&quot;:[{&quot;offset&quot;:0,&quot;length&quot;:12,&quot;style&quot;:&quot;BOLD&quot;}],&quot;entityRanges&quot;:[],&quot;data&quot;:{}},{&quot;key&quot;:&quot;4sq7k&quot;,&quot;text&quot;:&quot;&quot;,&quot;type&quot;:&quot;unstyled&quot;,&quot;depth&quot;:0,&quot;inlineStyleRanges&quot;:[],&quot;entityRanges&quot;:[],&quot;data&quot;:{}},{&quot;key&quot;:&quot;8bphb&quot;,&quot;text&quot;:&quot;Se diferencian por ser una academia exclusivamente enfocada al flamenco, con grupos peque\u00f1os para tener una atenci\u00f3n m\u00e1s personalizada. &quot;,&quot;type&quot;:&quot;unstyled&quot;,&quot;depth&quot;:0,&quot;inlineStyleRanges&quot;:[{&quot;offset&quot;:3,&quot;length&quot;:11,&quot;style&quot;:&quot;BOLD&quot;}],&quot;entityRanges&quot;:[],&quot;data&quot;:{}},{&quot;key&quot;:&quot;eqccb&quot;,&quot;text&quot;:&quot;&quot;,&quot;type&quot;:&quot;unstyled&quot;,&quot;depth&quot;:0,&quot;inlineStyleRanges&quot;:[],&quot;entityRanges&quot;:[],&quot;data&quot;:{}},{&quot;key&quot;:&quot;4knj1&quot;,&quot;text&quot;:&quot;Para fomentar el constante aprendizaje, a lo largo del a\u00f1o realizan cursos con Artistas Nacionales e Internacionales de renombre, para que as\u00ed los alumnos puedan tener un amplio concepto de la t\u00e9cnica. &quot;,&quot;type&quot;:&quot;unstyled&quot;,&quot;depth&quot;:0,&quot;inlineStyleRanges&quot;:[{&quot;offset&quot;:68,&quot;length&quot;:60,&quot;style&quot;:&quot;BOLD&quot;}],&quot;entityRanges&quot;:[],&quot;data&quot;:{}},{&quot;key&quot;:&quot;2nq2j&quot;,&quot;text&quot;:&quot; &quot;,&quot;type&quot;:&quot;atomic&quot;,&quot;depth&quot;:0,&quot;inlineStyleRanges&quot;:[],&quot;entityRanges&quot;:[{&quot;offset&quot;:0,&quot;length&quot;:1,&quot;key&quot;:2}],&quot;data&quot;:{}},{&quot;key&quot;:&quot;chukf&quot;,&quot;text&quot;:&quot;Ofrecen Masterclasses como Bulerias de Jerez por Armando Tovar y Noches de Tablao por Farruk y Armando Tovar.&quot;,&quot;type&quot;:&quot;unstyled&quot;,&quot;depth&quot;:0,&quot;inlineStyleRanges&quot;:[{&quot;offset&quot;:8,&quot;length&quot;:13,&quot;style&quot;:&quot;BOLD&quot;},{&quot;offset&quot;:65,&quot;length&quot;:16,&quot;style&quot;:&quot;BOLD&quot;}],&quot;entityRanges&quot;:[],&quot;data&quot;:{}},{&quot;key&quot;:&quot;35ch1&quot;,&quot;text&quot;:&quot;&quot;,&quot;type&quot;:&quot;unstyled&quot;,&quot;depth&quot;:0,&quot;inlineStyleRanges&quot;:[],&quot;entityRanges&quot;:[],&quot;data&quot;:{}},{&quot;key&quot;:&quot;1trj4&quot;,&quot;text&quot;:&quot;Dentro de sus instalaciones encontrar\u00e1s un sal\u00f3n perfectamente adecuado para que recibas sin ning\u00fan inconveniente tus clases de Flamenco. &quot;,&quot;type&quot;:&quot;unstyled&quot;,&quot;depth&quot;:0,&quot;inlineStyleRanges&quot;:[{&quot;offset&quot;:14,&quot;length&quot;:13,&quot;style&quot;:&quot;BOLD&quot;}],&quot;entityRanges&quot;:[],&quot;data&quot;:{}},{&quot;key&quot;:&quot;cdntk&quot;,&quot;text&quot;:&quot;&quot;,&quot;type&quot;:&quot;unstyled&quot;,&quot;depth&quot;:0,&quot;inlineStyleRanges&quot;:[],&quot;entityRanges&quot;:[],&quot;data&quot;:{}},{&quot;key&quot;:&quot;cf3op&quot;,&quot;text&quot;:&quot;Recuerda que estar\u00e1s ingresando a una clase ya establecida, a\u00fan siendo principiante puedes ingresar a las clases siguiendo el ritmo y din\u00e1mica que tenemos establecido.&quot;,&quot;type&quot;:&quot;unstyled&quot;,&quot;depth&quot;:0,&quot;inlineStyleRanges&quot;:[{&quot;offset&quot;:0,&quot;length&quot;:9,&quot;style&quot;:&quot;BOLD&quot;}],&quot;entityRanges&quot;:[],&quot;data&quot;:{}},{&quot;key&quot;:&quot;58p6f&quot;,&quot;text&quot;:&quot;Para baile, tendr\u00e1s que entrar con zapatos de flamenco , ropa c\u00f3moda y agua para mantenerte hidratado.&quot;,&quot;type&quot;:&quot;unstyled&quot;,&quot;depth&quot;:0,&quot;inlineStyleRanges&quot;:[],&quot;entityRanges&quot;:[],&quot;data&quot;:{}},{&quot;key&quot;:&quot;5lih3&quot;,&quot;text&quot;:&quot;Para cante, tendr\u00e1s que traer cuaderno, bol\u00edgrafo, agua para mantenerte hidratado.&quot;,&quot;type&quot;:&quot;unstyled&quot;,&quot;depth&quot;:0,&quot;inlineStyleRanges&quot;:[],&quot;entityRanges&quot;:[],&quot;data&quot;:{}},{&quot;key&quot;:&quot;ba3e4&quot;,&quot;text&quot;:&quot;Para guitarra, tendr\u00e1s que traer tu propia guitarra, cuaderno y bol\u00edgrafo.&quot;,&quot;type&quot;:&quot;unstyled&quot;,&quot;depth&quot;:0,&quot;inlineStyleRanges&quot;:[],&quot;entityRanges&quot;:[],&quot;data&quot;:{}},{&quot;key&quot;:&quot;e4e63&quot;,&quot;text&quot;:&quot;&quot;,&quot;type&quot;:&quot;unstyled&quot;,&quot;depth&quot;:0,&quot;inlineStyleRanges&quot;:[],&quot;entityRanges&quot;:[],&quot;data&quot;:{}},{&quot;key&quot;:&quot;4t4s&quot;,&quot;text&quot;:&quot;Acude con toda la actitud y ganas de probar lo que este lugar tiene para ti. &quot;,&quot;type&quot;:&quot;unstyled&quot;,&quot;depth&quot;:0,&quot;inlineStyleRanges&quot;:[{&quot;offset&quot;:18,&quot;length&quot;:25,&quot;style&quot;:&quot;BOLD&quot;}],&quot;entityRanges&quot;:[],&quot;data&quot;:{}},{&quot;key&quot;:&quot;6qpq3&quot;,&quot;text&quot;:&quot;&quot;,&quot;type&quot;:&quot;unstyled&quot;,&quot;depth&quot;:0,&quot;inlineStyleRanges&quot;:[],&quot;entityRanges&quot;:[],&quot;data&quot;:{}},{&quot;key&quot;:&quot;cl6b9&quot;,&quot;text&quot;:&quot;\u00bfQu\u00e9 esperas para conocerlos? Reserva tus clases por medio de la App de Fitpass M\u00e9xico y s\u00edguenos en Facebook: Fitpass M\u00e9xico o Instagram: @Fitpassmx para estar al tanto de nuestros tips y promociones.&quot;,&quot;type&quot;:&quot;unstyled&quot;,&quot;depth&quot;:0,&quot;inlineStyleRanges&quot;:[{&quot;offset&quot;:0,&quot;length&quot;:29,&quot;style&quot;:&quot;BOLD&quot;}],&quot;entityRanges&quot;:[],&quot;data&quot;:{}},{&quot;key&quot;:&quot;dnuob&quot;,&quot;text&quot;:&quot;&quot;,&quot;type&quot;:&quot;unstyled&quot;,&quot;depth&quot;:0,&quot;inlineStyleRanges&quot;:[],&quot;entityRanges&quot;:[],&quot;data&quot;:{}},{&quot;key&quot;:&quot;4ok3h&quot;,&quot;text&quot;:&quot;Tirititr\u00e1n, Centro de Ense\u00f1anza Flamenca QRO| 5 de Mayo, 178-a, int3 ( entre Damian carmona y tres Guerras)| www.tirititranqro.com|Facebook: Tirititr\u00e1n| Instagram: @eltirititr\u00e1n&quot;,&quot;type&quot;:&quot;unstyled&quot;,&quot;depth&quot;:0,&quot;inlineStyleRanges&quot;:[],&quot;entityRanges&quot;:[],&quot;data&quot;:{}},{&quot;key&quot;:&quot;92jj2&quot;,&quot;text&quot;:&quot;&quot;,&quot;type&quot;:&quot;unstyled&quot;,&quot;depth&quot;:0,&quot;inlineStyleRanges&quot;:[],&quot;entityRanges&quot;:[],&quot;data&quot;:{}},{&quot;key&quot;:&quot;f4kd9&quot;,&quot;text&quot;:&quot;Por: Renata de la Paz &quot;,&quot;type&quot;:&quot;unstyled&quot;,&quot;depth&quot;:0,&quot;inlineStyleRanges&quot;:[{&quot;offset&quot;:0,&quot;length&quot;:22,&quot;style&quot;:&quot;BOLD&quot;}],&quot;entityRanges&quot;:[],&quot;data&quot;:{}},{&quot;key&quot;:&quot;d1hab&quot;,&quot;text&quot;:&quot;-----------------------------&quot;,&quot;type&quot;:&quot;unstyled&quot;,&quot;depth&quot;:0,&quot;inlineStyleRanges&quot;:[{&quot;offset&quot;:0,&quot;length&quot;:29,&quot;style&quot;:&quot;BOLD&quot;}],&quot;entityRanges&quot;:[],&quot;data&quot;:{}},{&quot;key&quot;:&quot;bs9fi&quot;,&quot;text&quot;:&quot;Renata de la Paz Mart\u00ednez de Velasco, es estudiante de Administraci\u00f3n y Mercadotecnia en la Universidad Panamericana.  Ha trabajado en la OECD Par\u00eds y colaboradora de Soy Corredora. Apasionada del deporte, ha practicado tenis de alto rendimiento, formado parte de la selecci\u00f3n femenil de f\u00fatbol en Marymount y participante en el Marat\u00f3n Schneider Electric Paris. &quot;,&quot;type&quot;:&quot;unstyled&quot;,&quot;depth&quot;:0,&quot;inlineStyleRanges&quot;:[{&quot;offset&quot;:0,&quot;length&quot;:36,&quot;style&quot;:&quot;BOLD&quot;}],&quot;entityRanges&quot;:[],&quot;data&quot;:{}},{&quot;key&quot;:&quot;fgdmi&quot;,&quot;text&quot;:&quot;Correo: renata@fitpass.mx Instagram: Renatadlp&quot;,&quot;type&quot;:&quot;unstyled&quot;,&quot;depth&quot;:0,&quot;inlineStyleRanges&quot;:[{&quot;offset&quot;:8,&quot;length&quot;:17,&quot;style&quot;:&quot;UNDERLINE&quot;}],&quot;entityRanges&quot;:[{&quot;offset&quot;:8,&quot;length&quot;:17,&quot;key&quot;:3}],&quot;data&quot;:{}}],&quot;entityMap&quot;:{&quot;0&quot;:{&quot;type&quot;:&quot;wix-draft-plugin-image&quot;,&quot;mutability&quot;:&quot;IMMUTABLE&quot;,&quot;data&quot;:{&quot;config&quot;:{&quot;alignment&quot;:&quot;left&quot;,&quot;size&quot;:&quot;small&quot;,&quot;showTitle&quot;:true,&quot;showDescription&quot;:true,&quot;key&quot;:&quot;584gb&quot;,&quot;textWrap&quot;:&quot;wrap&quot;},&quot;src&quot;:{&quot;id&quot;:&quot;8794f7_1a368e6e8e084ffa85dd2f7b01dc6542~mv2.png&quot;,&quot;original_file_name&quot;:&quot;8794f7_1a368e6e8e084ffa85dd2f7b01dc6542~mv2.png&quot;,&quot;file_name&quot;:&quot;8794f7_1a368e6e8e084ffa85dd2f7b01dc6542~mv2.png&quot;,&quot;width&quot;:655,&quot;height&quot;:468}}},&quot;1&quot;:{&quot;type&quot;:&quot;wix-draft-plugin-image&quot;,&quot;mutability&quot;:&quot;IMMUTABLE&quot;,&quot;data&quot;:{&quot;config&quot;:{&quot;alignment&quot;:&quot;center&quot;,&quot;size&quot;:&quot;content&quot;,&quot;showTitle&quot;:true,&quot;showDescription&quot;:true,&quot;key&quot;:&quot;6r0v4&quot;,&quot;textWrap&quot;:&quot;wrap&quot;},&quot;src&quot;:{&quot;id&quot;:&quot;8794f7_e5d351977ddd4783900ac280321dcdd0~mv2.jpg&quot;,&quot;original_file_name&quot;:&quot;8794f7_e5d351977ddd4783900ac280321dcdd0~mv2.jpg&quot;,&quot;file_name&quot;:&quot;8794f7_e5d351977ddd4783900ac280321dcdd0~mv2.jpg&quot;,&quot;width&quot;:1024,&quot;height&quot;:488}}},&quot;2&quot;:{&quot;type&quot;:&quot;wix-draft-plugin-image&quot;,&quot;mutability&quot;:&quot;IMMUTABLE&quot;,&quot;data&quot;:{&quot;config&quot;:{&quot;alignment&quot;:&quot;center&quot;,&quot;size&quot;:&quot;content&quot;,&quot;showTitle&quot;:true,&quot;showDescription&quot;:true,&quot;key&quot;:&quot;cbl4j&quot;,&quot;textWrap&quot;:&quot;wrap&quot;},&quot;src&quot;:{&quot;id&quot;:&quot;8794f7_c30d8dbb5b9840548764f4dec2f6f6cc~mv2.png&quot;,&quot;original_file_name&quot;:&quot;8794f7_c30d8dbb5b9840548764f4dec2f6f6cc~mv2.png&quot;,&quot;file_name&quot;:&quot;8794f7_c30d8dbb5b9840548764f4dec2f6f6cc~mv2.png&quot;,&quot;width&quot;:960,&quot;height&quot;:384}}},&quot;3&quot;:{&quot;type&quot;:&quot;LINK&quot;,&quot;mutability&quot;:&quot;MUTABLE&quot;,&quot;data&quot;:{&quot;href&quot;:&quot;mailto:renata@fitpass.mx&quot;,&quot;url&quot;:&quot;mailto:renata@fitpass.mx&quot;,&quot;target&quot;:&quot;_top&quot;,&quot;rel&quot;:&quot;noopener&quot;}}},&quot;VERSION&quot;:&quot;9.3.6&quot;}\">\n<div class=\"_25Ehb _3qYRK Oh89J public-DraftStyleDefault-block-depth0 public-DraftStyleDefault-text-ltr fixed-tab-size rich_content_P\" data-block=\"true\" data-editor=\"editor\" data-offset-key=\"bgutv-0-0\">\n<div class=\"public-DraftStyleDefault-block public-DraftStyleDefault-ltr\" data-offset-key=\"bgutv-0-0\"><span data-offset-key=\"bgutv-0-0\">Ofrecen <\/span><span data-offset-key=\"bgutv-0-1\">Masterclasses<\/span><span data-offset-key=\"bgutv-0-2\"> como Bulerias de Jerez por Armando Tovar y <\/span><span data-offset-key=\"bgutv-0-3\">Noches de Tablao<\/span><span data-offset-key=\"bgutv-0-4\"> por Farruk y Armando Tovar.<\/span><\/div>\n<\/div>\n<div class=\"_25Ehb _3qYRK Oh89J public-DraftStyleDefault-block-depth0 public-DraftStyleDefault-text-ltr fixed-tab-size rich_content_P\" data-block=\"true\" data-editor=\"editor\" data-offset-key=\"fq981-0-0\">\n<div class=\"public-DraftStyleDefault-block public-DraftStyleDefault-ltr\" data-offset-key=\"fq981-0-0\"><span data-offset-key=\"fq981-0-0\">\u00a0<\/span><\/div>\n<\/div>\n<div class=\"_25Ehb _3qYRK Oh89J public-DraftStyleDefault-block-depth0 public-DraftStyleDefault-text-ltr fixed-tab-size rich_content_P\" data-block=\"true\" data-editor=\"editor\" data-offset-key=\"1gp18-0-0\">\n<div class=\"public-DraftStyleDefault-block public-DraftStyleDefault-ltr\" data-offset-key=\"1gp18-0-0\"><span data-offset-key=\"1gp18-0-0\">Dentro de sus <\/span><span data-offset-key=\"1gp18-0-1\">instalaciones<\/span><span data-offset-key=\"1gp18-0-2\"> encontrar\u00e1s un sal\u00f3n perfectamente adecuado para que recibas sin ning\u00fan inconveniente tus clases de Flamenco. <\/span><\/div>\n<\/div>\n<div class=\"_25Ehb _3qYRK Oh89J public-DraftStyleDefault-block-depth0 public-DraftStyleDefault-text-ltr fixed-tab-size rich_content_P\" data-block=\"true\" data-editor=\"editor\" data-offset-key=\"d6u5l-0-0\">\n<div class=\"public-DraftStyleDefault-block public-DraftStyleDefault-ltr\" data-offset-key=\"d6u5l-0-0\"><span data-offset-key=\"d6u5l-0-0\">\u00a0<\/span><\/div>\n<\/div>\n<div class=\"_25Ehb _3qYRK Oh89J public-DraftStyleDefault-block-depth0 public-DraftStyleDefault-text-ltr fixed-tab-size rich_content_P\" data-block=\"true\" data-editor=\"editor\" data-offset-key=\"5oraj-0-0\">\n<div class=\"public-DraftStyleDefault-block public-DraftStyleDefault-ltr\" data-offset-key=\"5oraj-0-0\"><span data-offset-key=\"5oraj-0-0\">Recuerda <\/span><span data-offset-key=\"5oraj-0-1\">que estar\u00e1s ingresando a una clase ya establecida, a\u00fan siendo principiante puedes ingresar a las clases siguiendo el ritmo y din\u00e1mica que tenemos establecido.<\/span><\/div>\n<\/div>\n<div class=\"_25Ehb _3qYRK Oh89J public-DraftStyleDefault-block-depth0 public-DraftStyleDefault-text-ltr fixed-tab-size rich_content_P\" data-block=\"true\" data-editor=\"editor\" data-offset-key=\"50the-0-0\">\n<div class=\"public-DraftStyleDefault-block public-DraftStyleDefault-ltr\" data-offset-key=\"50the-0-0\"><span data-offset-key=\"50the-0-0\">Para baile, tendr\u00e1s que entrar con zapatos de flamenco , ropa c\u00f3moda y agua para mantenerte hidratado.<\/span><\/div>\n<\/div>\n<div class=\"_25Ehb _3qYRK Oh89J public-DraftStyleDefault-block-depth0 public-DraftStyleDefault-text-ltr fixed-tab-size rich_content_P\" data-block=\"true\" data-editor=\"editor\" data-offset-key=\"dofq3-0-0\">\n<div class=\"public-DraftStyleDefault-block public-DraftStyleDefault-ltr\" data-offset-key=\"dofq3-0-0\"><span data-offset-key=\"dofq3-0-0\">Para cante, tendr\u00e1s que traer cuaderno, bol\u00edgrafo, agua para mantenerte hidratado.<\/span><\/div>\n<\/div>\n<div class=\"_25Ehb _3qYRK Oh89J public-DraftStyleDefault-block-depth0 public-DraftStyleDefault-text-ltr fixed-tab-size rich_content_P\" data-block=\"true\" data-editor=\"editor\" data-offset-key=\"dc11a-0-0\">\n<div class=\"public-DraftStyleDefault-block public-DraftStyleDefault-ltr\" data-offset-key=\"dc11a-0-0\"><span data-offset-key=\"dc11a-0-0\">Para guitarra, tendr\u00e1s que traer tu propia guitarra, cuaderno y bol\u00edgrafo.<\/span><\/div>\n<\/div>\n<div class=\"_25Ehb _3qYRK Oh89J public-DraftStyleDefault-block-depth0 public-DraftStyleDefault-text-ltr fixed-tab-size rich_content_P\" data-block=\"true\" data-editor=\"editor\" data-offset-key=\"b7gm1-0-0\">\n<div class=\"public-DraftStyleDefault-block public-DraftStyleDefault-ltr\" data-offset-key=\"b7gm1-0-0\"><span data-offset-key=\"b7gm1-0-0\">\u00a0<\/span><\/div>\n<\/div>\n<div class=\"_25Ehb _3qYRK Oh89J public-DraftStyleDefault-block-depth0 public-DraftStyleDefault-text-ltr fixed-tab-size rich_content_P\" data-block=\"true\" data-editor=\"editor\" data-offset-key=\"d2oav-0-0\">\n<div class=\"public-DraftStyleDefault-block public-DraftStyleDefault-ltr\" data-offset-key=\"d2oav-0-0\"><span data-offset-key=\"d2oav-0-0\">Acude con toda la <\/span><span data-offset-key=\"d2oav-0-1\">actitud y ganas de probar<\/span><span data-offset-key=\"d2oav-0-2\"> lo que este lugar tiene para ti. <\/span><\/div>\n<\/div>\n<div class=\"_25Ehb _3qYRK Oh89J public-DraftStyleDefault-block-depth0 public-DraftStyleDefault-text-ltr fixed-tab-size rich_content_P\" data-block=\"true\" data-editor=\"editor\" data-offset-key=\"4dq4e-0-0\">\n<div class=\"public-DraftStyleDefault-block public-DraftStyleDefault-ltr\" data-offset-key=\"4dq4e-0-0\"><span data-offset-key=\"4dq4e-0-0\">\u00a0<\/span><\/div>\n<\/div>\n<div class=\"_25Ehb _3qYRK Oh89J public-DraftStyleDefault-block-depth0 public-DraftStyleDefault-text-ltr fixed-tab-size rich_content_P\" data-block=\"true\" data-editor=\"editor\" data-offset-key=\"7adae-0-0\">\n<div class=\"public-DraftStyleDefault-block public-DraftStyleDefault-ltr\" data-offset-key=\"7adae-0-0\"><span data-offset-key=\"7adae-0-0\">\u00bfQu\u00e9 esperas para conocerlos?<\/span><span data-offset-key=\"7adae-0-1\"> Reserva tus clases por medio de la App de Fitpass M\u00e9xico y s\u00edguenos en Facebook: Fitpass M\u00e9xico o Instagram: @Fitpassmx para estar al tanto de nuestros tips y promociones.<\/span><\/div>\n<\/div>\n<div class=\"_25Ehb _3qYRK Oh89J public-DraftStyleDefault-block-depth0 public-DraftStyleDefault-text-ltr fixed-tab-size rich_content_P\" data-block=\"true\" data-editor=\"editor\" data-offset-key=\"f7n9g-0-0\">\n<div class=\"public-DraftStyleDefault-block public-DraftStyleDefault-ltr\" data-offset-key=\"f7n9g-0-0\"><span data-offset-key=\"f7n9g-0-0\">\u00a0<\/span><\/div>\n<\/div>\n<div class=\"_25Ehb _3qYRK Oh89J public-DraftStyleDefault-block-depth0 public-DraftStyleDefault-text-ltr fixed-tab-size rich_content_P\" data-block=\"true\" data-editor=\"editor\" data-offset-key=\"a58no-0-0\">\n<div class=\"public-DraftStyleDefault-block public-DraftStyleDefault-ltr\" data-offset-key=\"a58no-0-0\"><span data-offset-key=\"a58no-0-0\">Tirititr\u00e1n, Centro de Ense\u00f1anza Flamenca QRO| 5 de Mayo, 178-a, int3 ( entre Damian carmona y tres Guerras)| www.tirititranqro.com|Facebook: Tirititr\u00e1n| Instagram: @eltirititr\u00e1n<\/span><\/div>\n<\/div>\n<div class=\"_25Ehb _3qYRK Oh89J public-DraftStyleDefault-block-depth0 public-DraftStyleDefault-text-ltr fixed-tab-size rich_content_P\" data-block=\"true\" data-editor=\"editor\" data-offset-key=\"cbs3k-0-0\">\n<div class=\"public-DraftStyleDefault-block public-DraftStyleDefault-ltr\" data-offset-key=\"cbs3k-0-0\"><span data-offset-key=\"cbs3k-0-0\">\u00a0<\/span><\/div>\n<\/div>\n<div class=\"_25Ehb _3qYRK Oh89J public-DraftStyleDefault-block-depth0 public-DraftStyleDefault-text-ltr fixed-tab-size rich_content_P\" data-block=\"true\" data-editor=\"editor\" data-offset-key=\"1elq3-0-0\">\n<div class=\"public-DraftStyleDefault-block public-DraftStyleDefault-ltr\" data-offset-key=\"1elq3-0-0\"><span data-offset-key=\"1elq3-0-0\">Por: Renata de la Paz <\/span><\/div>\n<\/div>\n<div class=\"_25Ehb _3qYRK Oh89J public-DraftStyleDefault-block-depth0 public-DraftStyleDefault-text-ltr fixed-tab-size rich_content_P\" data-block=\"true\" data-editor=\"editor\" data-offset-key=\"apong-0-0\">\n<div class=\"public-DraftStyleDefault-block public-DraftStyleDefault-ltr\" data-offset-key=\"apong-0-0\"><span data-offset-key=\"apong-0-0\">&#8212;&#8212;&#8212;&#8212;&#8212;&#8212;&#8212;&#8212;&#8212;&#8211;<\/span><\/div>\n<\/div>\n<div class=\"_25Ehb _3qYRK Oh89J public-DraftStyleDefault-block-depth0 public-DraftStyleDefault-text-ltr fixed-tab-size rich_content_P\" data-block=\"true\" data-editor=\"editor\" data-offset-key=\"31gdf-0-0\">\n<div class=\"public-DraftStyleDefault-block public-DraftStyleDefault-ltr\" data-offset-key=\"31gdf-0-0\"><span data-offset-key=\"31gdf-0-0\">Renata de la Paz Mart\u00ednez de Velasco<\/span><span data-offset-key=\"31gdf-0-1\">, es estudiante de Administraci\u00f3n y Mercadotecnia en la Universidad Panamericana. Ha trabajado en la OECD Par\u00eds y colaboradora de Soy Corredora. Apasionada del deporte, ha practicado tenis de alto rendimiento, formado parte de la selecci\u00f3n femenil de f\u00fatbol en Marymount y participante en el Marat\u00f3n Schneider Electric Paris. <\/span><\/div>\n<\/div>\n<div class=\"_25Ehb _3qYRK Oh89J public-DraftStyleDefault-block-depth0 public-DraftStyleDefault-text-ltr fixed-tab-size rich_content_P\" data-block=\"true\" data-editor=\"editor\" data-offset-key=\"d9jvq-0-0\">\n<div class=\"public-DraftStyleDefault-block public-DraftStyleDefault-ltr\" data-offset-key=\"d9jvq-0-0\"><span data-offset-key=\"d9jvq-0-0\">Correo: <\/span><a class=\"_3Bkfb _1lsz7\" href=\"mailto:renata@fitpass.mx\" target=\"_top\" rel=\"noopener noreferrer\" data-hook=\"linkViewer\"><span data-offset-key=\"d9jvq-1-0\">renata@fitpass.mx<\/span><\/a><span data-offset-key=\"d9jvq-2-0\"> Instagram: Renatadlp<\/span><\/div>\n<\/div>\n<\/div>\n","protected":false},"excerpt":{"rendered":"<p>Tirititr\u00e1n, Centro de Ense\u00f1anza Flamenca, es una academia de Arte dedicada exclusivamente a la ense\u00f1anza del Flamenco en sus tres [&hellip;]<\/p>\n","protected":false},"author":3,"featured_media":2166,"comment_status":"open","ping_status":"open","sticky":false,"template":"","format":"standard","meta":[],"categories":[4],"tags":[],"yoast_head":"<!-- This site is optimized with the Yoast SEO plugin v20.4 - https:\/\/yoast.com\/wordpress\/plugins\/seo\/ -->\n<title>Tirititr\u00e1n, Centro de Ense\u00f1anza Flamenca QRO - Blog Fitpass<\/title>\n<meta name=\"description\" content=\"Tirititr\u00e1n, Centro de Ense\u00f1anza Flamenca, es una academia de Arte dedicada exclusivamente a la ense\u00f1anza del Flamenco en sus tres vertientes, baile, cante y guitarra. Su objetivo es la ense\u00f1anza, difusi\u00f3n y preservaci\u00f3n del arte Flamenco. A finales de 2017 a\u00f1aden una misi\u00f3n m\u00e1s que es la dignificaci\u00f3n del flamenco, logr\u00e1ndolo mediante el formato Tablao (espect\u00e1culo abierto al p\u00fablico en general). En cuanto a sus clases, se enfocan exclusivamente a la ense\u00f1anza del Flamenco en sus 3 vertientes: B\" \/>\n<meta name=\"robots\" content=\"index, follow, max-snippet:-1, max-image-preview:large, max-video-preview:-1\" \/>\n<link rel=\"canonical\" href=\"https:\/\/www.fitpass.com\/mx\/blog\/2019\/02\/25\/tirititran-centro-de-ensenanza-flamenca-qro\/\" \/>\n<meta property=\"og:locale\" content=\"es_MX\" \/>\n<meta property=\"og:type\" content=\"article\" \/>\n<meta property=\"og:title\" content=\"Tirititr\u00e1n, Centro de Ense\u00f1anza Flamenca QRO - Blog Fitpass\" \/>\n<meta property=\"og:description\" content=\"Tirititr\u00e1n, Centro de Ense\u00f1anza Flamenca, es una academia de Arte dedicada exclusivamente a la ense\u00f1anza del Flamenco en sus tres vertientes, baile, cante y guitarra. Su objetivo es la ense\u00f1anza, difusi\u00f3n y preservaci\u00f3n del arte Flamenco. A finales de 2017 a\u00f1aden una misi\u00f3n m\u00e1s que es la dignificaci\u00f3n del flamenco, logr\u00e1ndolo mediante el formato Tablao (espect\u00e1culo abierto al p\u00fablico en general). En cuanto a sus clases, se enfocan exclusivamente a la ense\u00f1anza del Flamenco en sus 3 vertientes: B\" \/>\n<meta property=\"og:url\" content=\"https:\/\/www.fitpass.com\/mx\/blog\/2019\/02\/25\/tirititran-centro-de-ensenanza-flamenca-qro\/\" \/>\n<meta property=\"og:site_name\" content=\"Blog Fitpass\" \/>\n<meta property=\"article:published_time\" content=\"2019-02-25T12:58:28+00:00\" \/>\n<meta property=\"article:modified_time\" content=\"2023-01-03T05:11:27+00:00\" \/>\n<meta property=\"og:image\" content=\"https:\/\/www.fitpass.com\/mx\/blog\/wp-content\/uploads\/2022\/12\/8794f7_1a368e6e8e084ffa85dd2f7b01dc6542mv2.webp\" \/>\n\t<meta property=\"og:image:width\" content=\"568\" \/>\n\t<meta property=\"og:image:height\" content=\"406\" \/>\n\t<meta property=\"og:image:type\" content=\"image\/webp\" \/>\n<meta name=\"author\" content=\"Renata de la Paz\" \/>\n<meta name=\"twitter:card\" content=\"summary_large_image\" \/>\n<meta name=\"twitter:label1\" content=\"Escrito por\" \/>\n\t<meta name=\"twitter:data1\" content=\"Renata de la Paz\" \/>\n\t<meta name=\"twitter:label2\" content=\"Tiempo de lectura\" \/>\n\t<meta name=\"twitter:data2\" content=\"3 minutos\" \/>\n<script type=\"application\/ld+json\" class=\"yoast-schema-graph\">{\"@context\":\"https:\/\/schema.org\",\"@graph\":[{\"@type\":\"WebPage\",\"@id\":\"https:\/\/www.fitpass.com\/mx\/blog\/2019\/02\/25\/tirititran-centro-de-ensenanza-flamenca-qro\/\",\"url\":\"https:\/\/www.fitpass.com\/mx\/blog\/2019\/02\/25\/tirititran-centro-de-ensenanza-flamenca-qro\/\",\"name\":\"Tirititr\u00e1n, Centro de Ense\u00f1anza Flamenca QRO - Blog Fitpass\",\"isPartOf\":{\"@id\":\"https:\/\/www.fitpass.com\/mx\/blog\/#website\"},\"datePublished\":\"2019-02-25T12:58:28+00:00\",\"dateModified\":\"2023-01-03T05:11:27+00:00\",\"author\":{\"@id\":\"https:\/\/www.fitpass.com\/mx\/blog\/#\/schema\/person\/140af7b177bbc617b85cef1b4a1b72ab\"},\"description\":\"Tirititr\u00e1n, Centro de Ense\u00f1anza Flamenca, es una academia de Arte dedicada exclusivamente a la ense\u00f1anza del Flamenco en sus tres vertientes, baile, cante y guitarra. Su objetivo es la ense\u00f1anza, difusi\u00f3n y preservaci\u00f3n del arte Flamenco. A finales de 2017 a\u00f1aden una misi\u00f3n m\u00e1s que es la dignificaci\u00f3n del flamenco, logr\u00e1ndolo mediante el formato Tablao (espect\u00e1culo abierto al p\u00fablico en general). En cuanto a sus clases, se enfocan exclusivamente a la ense\u00f1anza del Flamenco en sus 3 vertientes: B\",\"breadcrumb\":{\"@id\":\"https:\/\/www.fitpass.com\/mx\/blog\/2019\/02\/25\/tirititran-centro-de-ensenanza-flamenca-qro\/#breadcrumb\"},\"inLanguage\":\"es-MX\",\"potentialAction\":[{\"@type\":\"ReadAction\",\"target\":[\"https:\/\/www.fitpass.com\/mx\/blog\/2019\/02\/25\/tirititran-centro-de-ensenanza-flamenca-qro\/\"]}]},{\"@type\":\"BreadcrumbList\",\"@id\":\"https:\/\/www.fitpass.com\/mx\/blog\/2019\/02\/25\/tirititran-centro-de-ensenanza-flamenca-qro\/#breadcrumb\",\"itemListElement\":[{\"@type\":\"ListItem\",\"position\":1,\"name\":\"Inicio\",\"item\":\"https:\/\/www.fitpass.com\/mx\/blog\/\"},{\"@type\":\"ListItem\",\"position\":2,\"name\":\"Tirititr\u00e1n, Centro de Ense\u00f1anza Flamenca QRO\"}]},{\"@type\":\"WebSite\",\"@id\":\"https:\/\/www.fitpass.com\/mx\/blog\/#website\",\"url\":\"https:\/\/www.fitpass.com\/mx\/blog\/\",\"name\":\"Blog Fitpass\",\"description\":\"\",\"potentialAction\":[{\"@type\":\"SearchAction\",\"target\":{\"@type\":\"EntryPoint\",\"urlTemplate\":\"https:\/\/www.fitpass.com\/mx\/blog\/?s={search_term_string}\"},\"query-input\":\"required name=search_term_string\"}],\"inLanguage\":\"es-MX\"},{\"@type\":\"Person\",\"@id\":\"https:\/\/www.fitpass.com\/mx\/blog\/#\/schema\/person\/140af7b177bbc617b85cef1b4a1b72ab\",\"name\":\"Renata de la Paz\",\"image\":{\"@type\":\"ImageObject\",\"inLanguage\":\"es-MX\",\"@id\":\"https:\/\/www.fitpass.com\/mx\/blog\/#\/schema\/person\/image\/\",\"url\":\"https:\/\/secure.gravatar.com\/avatar\/16f31051b3c942ed343c4adf1b2e7683?s=96&d=mm&r=g\",\"contentUrl\":\"https:\/\/secure.gravatar.com\/avatar\/16f31051b3c942ed343c4adf1b2e7683?s=96&d=mm&r=g\",\"caption\":\"Renata de la Paz\"},\"url\":\"https:\/\/www.fitpass.com\/mx\/blog\/author\/renata-de-la-paz\/\"}]}<\/script>\n<!-- \/ Yoast SEO plugin. -->","yoast_head_json":{"title":"Tirititr\u00e1n, Centro de Ense\u00f1anza Flamenca QRO - Blog Fitpass","description":"Tirititr\u00e1n, Centro de Ense\u00f1anza Flamenca, es una academia de Arte dedicada exclusivamente a la ense\u00f1anza del Flamenco en sus tres vertientes, baile, cante y guitarra. Su objetivo es la ense\u00f1anza, difusi\u00f3n y preservaci\u00f3n del arte Flamenco. A finales de 2017 a\u00f1aden una misi\u00f3n m\u00e1s que es la dignificaci\u00f3n del flamenco, logr\u00e1ndolo mediante el formato Tablao (espect\u00e1culo abierto al p\u00fablico en general). En cuanto a sus clases, se enfocan exclusivamente a la ense\u00f1anza del Flamenco en sus 3 vertientes: B","robots":{"index":"index","follow":"follow","max-snippet":"max-snippet:-1","max-image-preview":"max-image-preview:large","max-video-preview":"max-video-preview:-1"},"canonical":"https:\/\/www.fitpass.com\/mx\/blog\/2019\/02\/25\/tirititran-centro-de-ensenanza-flamenca-qro\/","og_locale":"es_MX","og_type":"article","og_title":"Tirititr\u00e1n, Centro de Ense\u00f1anza Flamenca QRO - Blog Fitpass","og_description":"Tirititr\u00e1n, Centro de Ense\u00f1anza Flamenca, es una academia de Arte dedicada exclusivamente a la ense\u00f1anza del Flamenco en sus tres vertientes, baile, cante y guitarra. Su objetivo es la ense\u00f1anza, difusi\u00f3n y preservaci\u00f3n del arte Flamenco. A finales de 2017 a\u00f1aden una misi\u00f3n m\u00e1s que es la dignificaci\u00f3n del flamenco, logr\u00e1ndolo mediante el formato Tablao (espect\u00e1culo abierto al p\u00fablico en general). En cuanto a sus clases, se enfocan exclusivamente a la ense\u00f1anza del Flamenco en sus 3 vertientes: B","og_url":"https:\/\/www.fitpass.com\/mx\/blog\/2019\/02\/25\/tirititran-centro-de-ensenanza-flamenca-qro\/","og_site_name":"Blog Fitpass","article_published_time":"2019-02-25T12:58:28+00:00","article_modified_time":"2023-01-03T05:11:27+00:00","og_image":[{"width":568,"height":406,"url":"https:\/\/www.fitpass.com\/mx\/blog\/wp-content\/uploads\/2022\/12\/8794f7_1a368e6e8e084ffa85dd2f7b01dc6542mv2.webp","type":"image\/webp"}],"author":"Renata de la Paz","twitter_card":"summary_large_image","twitter_misc":{"Escrito por":"Renata de la Paz","Tiempo de lectura":"3 minutos"},"schema":{"@context":"https:\/\/schema.org","@graph":[{"@type":"WebPage","@id":"https:\/\/www.fitpass.com\/mx\/blog\/2019\/02\/25\/tirititran-centro-de-ensenanza-flamenca-qro\/","url":"https:\/\/www.fitpass.com\/mx\/blog\/2019\/02\/25\/tirititran-centro-de-ensenanza-flamenca-qro\/","name":"Tirititr\u00e1n, Centro de Ense\u00f1anza Flamenca QRO - Blog Fitpass","isPartOf":{"@id":"https:\/\/www.fitpass.com\/mx\/blog\/#website"},"datePublished":"2019-02-25T12:58:28+00:00","dateModified":"2023-01-03T05:11:27+00:00","author":{"@id":"https:\/\/www.fitpass.com\/mx\/blog\/#\/schema\/person\/140af7b177bbc617b85cef1b4a1b72ab"},"description":"Tirititr\u00e1n, Centro de Ense\u00f1anza Flamenca, es una academia de Arte dedicada exclusivamente a la ense\u00f1anza del Flamenco en sus tres vertientes, baile, cante y guitarra. Su objetivo es la ense\u00f1anza, difusi\u00f3n y preservaci\u00f3n del arte Flamenco. A finales de 2017 a\u00f1aden una misi\u00f3n m\u00e1s que es la dignificaci\u00f3n del flamenco, logr\u00e1ndolo mediante el formato Tablao (espect\u00e1culo abierto al p\u00fablico en general). En cuanto a sus clases, se enfocan exclusivamente a la ense\u00f1anza del Flamenco en sus 3 vertientes: B","breadcrumb":{"@id":"https:\/\/www.fitpass.com\/mx\/blog\/2019\/02\/25\/tirititran-centro-de-ensenanza-flamenca-qro\/#breadcrumb"},"inLanguage":"es-MX","potentialAction":[{"@type":"ReadAction","target":["https:\/\/www.fitpass.com\/mx\/blog\/2019\/02\/25\/tirititran-centro-de-ensenanza-flamenca-qro\/"]}]},{"@type":"BreadcrumbList","@id":"https:\/\/www.fitpass.com\/mx\/blog\/2019\/02\/25\/tirititran-centro-de-ensenanza-flamenca-qro\/#breadcrumb","itemListElement":[{"@type":"ListItem","position":1,"name":"Inicio","item":"https:\/\/www.fitpass.com\/mx\/blog\/"},{"@type":"ListItem","position":2,"name":"Tirititr\u00e1n, Centro de Ense\u00f1anza Flamenca QRO"}]},{"@type":"WebSite","@id":"https:\/\/www.fitpass.com\/mx\/blog\/#website","url":"https:\/\/www.fitpass.com\/mx\/blog\/","name":"Blog Fitpass","description":"","potentialAction":[{"@type":"SearchAction","target":{"@type":"EntryPoint","urlTemplate":"https:\/\/www.fitpass.com\/mx\/blog\/?s={search_term_string}"},"query-input":"required name=search_term_string"}],"inLanguage":"es-MX"},{"@type":"Person","@id":"https:\/\/www.fitpass.com\/mx\/blog\/#\/schema\/person\/140af7b177bbc617b85cef1b4a1b72ab","name":"Renata de la Paz","image":{"@type":"ImageObject","inLanguage":"es-MX","@id":"https:\/\/www.fitpass.com\/mx\/blog\/#\/schema\/person\/image\/","url":"https:\/\/secure.gravatar.com\/avatar\/16f31051b3c942ed343c4adf1b2e7683?s=96&d=mm&r=g","contentUrl":"https:\/\/secure.gravatar.com\/avatar\/16f31051b3c942ed343c4adf1b2e7683?s=96&d=mm&r=g","caption":"Renata de la Paz"},"url":"https:\/\/www.fitpass.com\/mx\/blog\/author\/renata-de-la-paz\/"}]}},"_links":{"self":[{"href":"https:\/\/www.fitpass.com\/mx\/blog\/wp-json\/wp\/v2\/posts\/2165"}],"collection":[{"href":"https:\/\/www.fitpass.com\/mx\/blog\/wp-json\/wp\/v2\/posts"}],"about":[{"href":"https:\/\/www.fitpass.com\/mx\/blog\/wp-json\/wp\/v2\/types\/post"}],"author":[{"embeddable":true,"href":"https:\/\/www.fitpass.com\/mx\/blog\/wp-json\/wp\/v2\/users\/3"}],"replies":[{"embeddable":true,"href":"https:\/\/www.fitpass.com\/mx\/blog\/wp-json\/wp\/v2\/comments?post=2165"}],"version-history":[{"count":1,"href":"https:\/\/www.fitpass.com\/mx\/blog\/wp-json\/wp\/v2\/posts\/2165\/revisions"}],"predecessor-version":[{"id":2169,"href":"https:\/\/www.fitpass.com\/mx\/blog\/wp-json\/wp\/v2\/posts\/2165\/revisions\/2169"}],"wp:featuredmedia":[{"embeddable":true,"href":"https:\/\/www.fitpass.com\/mx\/blog\/wp-json\/wp\/v2\/media\/2166"}],"wp:attachment":[{"href":"https:\/\/www.fitpass.com\/mx\/blog\/wp-json\/wp\/v2\/media?parent=2165"}],"wp:term":[{"taxonomy":"category","embeddable":true,"href":"https:\/\/www.fitpass.com\/mx\/blog\/wp-json\/wp\/v2\/categories?post=2165"},{"taxonomy":"post_tag","embeddable":true,"href":"https:\/\/www.fitpass.com\/mx\/blog\/wp-json\/wp\/v2\/tags?post=2165"}],"curies":[{"name":"wp","href":"https:\/\/api.w.org\/{rel}","templated":true}]}}