{"id":2353,"date":"2019-03-20T16:36:06","date_gmt":"2019-03-20T16:36:06","guid":{"rendered":"http:\/\/localhost:8888\/fitpass\/?p=2353"},"modified":"2023-01-04T02:51:12","modified_gmt":"2023-01-04T02:51:12","slug":"virya-yoga-holistic-center-merida","status":"publish","type":"post","link":"https:\/\/www.fitpass.com\/mx\/blog\/2019\/03\/20\/virya-yoga-holistic-center-merida\/","title":{"rendered":"Virya Yoga &#038; Holistic Center M\u00e9rida"},"content":{"rendered":"<div data-draftjs-conductor-fragment=\"{&quot;blocks&quot;:[{&quot;key&quot;:&quot;dc6la&quot;,&quot;text&quot;:&quot;Virya Yoga es un centro hol\u00edstico dedicado a la practica del yoga y formaci\u00f3n de maestros en esta disciplina buscando el desarrollo integral del ser humano por medio de terapias hol\u00edsticas, c\u00edrculos de meditaci\u00f3n y actividades integrales. &quot;,&quot;type&quot;:&quot;unstyled&quot;,&quot;depth&quot;:0,&quot;inlineStyleRanges&quot;:[{&quot;offset&quot;:17,&quot;length&quot;:48,&quot;style&quot;:&quot;BOLD&quot;}],&quot;entityRanges&quot;:[],&quot;data&quot;:{}},{&quot;key&quot;:&quot;etc02&quot;,&quot;text&quot;:&quot; &quot;,&quot;type&quot;:&quot;atomic&quot;,&quot;depth&quot;:0,&quot;inlineStyleRanges&quot;:[],&quot;entityRanges&quot;:[{&quot;offset&quot;:0,&quot;length&quot;:1,&quot;key&quot;:0}],&quot;data&quot;:{}},{&quot;key&quot;:&quot;a2d8j&quot;,&quot;text&quot;:&quot;&quot;,&quot;type&quot;:&quot;unstyled&quot;,&quot;depth&quot;:0,&quot;inlineStyleRanges&quot;:[],&quot;entityRanges&quot;:[],&quot;data&quot;:{}},{&quot;key&quot;:&quot;19vvc&quot;,&quot;text&quot;:&quot;Su misi\u00f3n es promover la expansi\u00f3n de la disciplina del yoga para la salud y bienestar integral de las personas incluyendo la meditaci\u00f3n, t\u00e9cnicas de respiraci\u00f3n, alimentaci\u00f3n consciente, retiros, talleres y herramientas de salud integral.&quot;,&quot;type&quot;:&quot;unstyled&quot;,&quot;depth&quot;:0,&quot;inlineStyleRanges&quot;:[{&quot;offset&quot;:3,&quot;length&quot;:6,&quot;style&quot;:&quot;BOLD&quot;}],&quot;entityRanges&quot;:[],&quot;data&quot;:{}},{&quot;key&quot;:&quot;7iso4&quot;,&quot;text&quot;:&quot;&quot;,&quot;type&quot;:&quot;unstyled&quot;,&quot;depth&quot;:0,&quot;inlineStyleRanges&quot;:[],&quot;entityRanges&quot;:[],&quot;data&quot;:{}},{&quot;key&quot;:&quot;fftjr&quot;,&quot;text&quot;:&quot;Este centro se especializa en Yoga por lo que ofrece las siguientes clases:&quot;,&quot;type&quot;:&quot;unstyled&quot;,&quot;depth&quot;:0,&quot;inlineStyleRanges&quot;:[{&quot;offset&quot;:12,&quot;length&quot;:63,&quot;style&quot;:&quot;BOLD&quot;}],&quot;entityRanges&quot;:[],&quot;data&quot;:{}},{&quot;key&quot;:&quot;39v91&quot;,&quot;text&quot;:&quot;&quot;,&quot;type&quot;:&quot;unstyled&quot;,&quot;depth&quot;:0,&quot;inlineStyleRanges&quot;:[],&quot;entityRanges&quot;:[],&quot;data&quot;:{}},{&quot;key&quot;:&quot;dqc4g&quot;,&quot;text&quot;:&quot;Yoga para principiantes, enfocadas a personas con poca experiencia en la pr\u00e1ctica del yoga. Buscan ense\u00f1ar posturas b\u00e1sicas, alineaci\u00f3n y fundamentos de meditaci\u00f3n y t\u00e9cnicas de respiraci\u00f3n. &quot;,&quot;type&quot;:&quot;unstyled&quot;,&quot;depth&quot;:0,&quot;inlineStyleRanges&quot;:[{&quot;offset&quot;:0,&quot;length&quot;:23,&quot;style&quot;:&quot;BOLD&quot;}],&quot;entityRanges&quot;:[],&quot;data&quot;:{}},{&quot;key&quot;:&quot;17crg&quot;,&quot;text&quot;:&quot;&quot;,&quot;type&quot;:&quot;unstyled&quot;,&quot;depth&quot;:0,&quot;inlineStyleRanges&quot;:[],&quot;entityRanges&quot;:[],&quot;data&quot;:{}},{&quot;key&quot;:&quot;vf9a&quot;,&quot;text&quot;:&quot;Yoga Multinivel, clase ideal para personas con mas de 3 meses de practica al igual que para aquellos con experiencia. Manejan distintas opciones y variaciones.&quot;,&quot;type&quot;:&quot;unstyled&quot;,&quot;depth&quot;:0,&quot;inlineStyleRanges&quot;:[{&quot;offset&quot;:0,&quot;length&quot;:15,&quot;style&quot;:&quot;BOLD&quot;}],&quot;entityRanges&quot;:[],&quot;data&quot;:{}},{&quot;key&quot;:&quot;18j3d&quot;,&quot;text&quot;:&quot; &quot;,&quot;type&quot;:&quot;unstyled&quot;,&quot;depth&quot;:0,&quot;inlineStyleRanges&quot;:[],&quot;entityRanges&quot;:[],&quot;data&quot;:{}},{&quot;key&quot;:&quot;djngd&quot;,&quot;text&quot;:&quot;Yoga Fluido, va ligando una postura a otra acompa\u00f1adas al ritmo de la respiraci\u00f3n. Su enfoque es crear una meditaci\u00f3n en movimiento.&quot;,&quot;type&quot;:&quot;unstyled&quot;,&quot;depth&quot;:0,&quot;inlineStyleRanges&quot;:[{&quot;offset&quot;:0,&quot;length&quot;:11,&quot;style&quot;:&quot;BOLD&quot;}],&quot;entityRanges&quot;:[],&quot;data&quot;:{}},{&quot;key&quot;:&quot;dt43a&quot;,&quot;text&quot;:&quot; &quot;,&quot;type&quot;:&quot;unstyled&quot;,&quot;depth&quot;:0,&quot;inlineStyleRanges&quot;:[],&quot;entityRanges&quot;:[],&quot;data&quot;:{}},{&quot;key&quot;:&quot;fnb0i&quot;,&quot;text&quot;:&quot;Yoga restaurativo, ideal para personas con alguna lesi\u00f3n, estr\u00e9s, operaci\u00f3n o enfermedad. Por medio del uso de soportes se busca profundizar y relajar los m\u00fasculos, soltar las tensiones y tonificar y fortalecer de una manera mas suave y pasiva. Incluye meditaci\u00f3n y t\u00e9cnicas de respiraci\u00f3n prana yama. &quot;,&quot;type&quot;:&quot;unstyled&quot;,&quot;depth&quot;:0,&quot;inlineStyleRanges&quot;:[{&quot;offset&quot;:0,&quot;length&quot;:17,&quot;style&quot;:&quot;BOLD&quot;}],&quot;entityRanges&quot;:[],&quot;data&quot;:{}},{&quot;key&quot;:&quot;d88m5&quot;,&quot;text&quot;:&quot;&quot;,&quot;type&quot;:&quot;unstyled&quot;,&quot;depth&quot;:0,&quot;inlineStyleRanges&quot;:[],&quot;entityRanges&quot;:[],&quot;data&quot;:{}},{&quot;key&quot;:&quot;fg1hs&quot;,&quot;text&quot;:&quot;Yoga prenatal, clase ideal para mujeres que deseen fortalecer, pausar y re conectar con su bebe para preparase para el nacimiento de su bebe.&quot;,&quot;type&quot;:&quot;unstyled&quot;,&quot;depth&quot;:0,&quot;inlineStyleRanges&quot;:[{&quot;offset&quot;:0,&quot;length&quot;:13,&quot;style&quot;:&quot;BOLD&quot;}],&quot;entityRanges&quot;:[],&quot;data&quot;:{}},{&quot;key&quot;:&quot;8r6ag&quot;,&quot;text&quot;:&quot;&quot;,&quot;type&quot;:&quot;unstyled&quot;,&quot;depth&quot;:0,&quot;inlineStyleRanges&quot;:[],&quot;entityRanges&quot;:[],&quot;data&quot;:{}},{&quot;key&quot;:&quot;fdesh&quot;,&quot;text&quot;:&quot;Yoga con cuerdas, enfoca a todos los niveles de practica, generando altos beneficios de elongaci\u00f3n, precisi\u00f3n e intensidad en las posturas y generando una armon\u00eda en el cuerpo, mente y alma. &quot;,&quot;type&quot;:&quot;unstyled&quot;,&quot;depth&quot;:0,&quot;inlineStyleRanges&quot;:[{&quot;offset&quot;:0,&quot;length&quot;:16,&quot;style&quot;:&quot;BOLD&quot;}],&quot;entityRanges&quot;:[],&quot;data&quot;:{}},{&quot;key&quot;:&quot;4g6j9&quot;,&quot;text&quot;:&quot; &quot;,&quot;type&quot;:&quot;atomic&quot;,&quot;depth&quot;:0,&quot;inlineStyleRanges&quot;:[],&quot;entityRanges&quot;:[{&quot;offset&quot;:0,&quot;length&quot;:1,&quot;key&quot;:1}],&quot;data&quot;:{}},{&quot;key&quot;:&quot;fosun&quot;,&quot;text&quot;:&quot;Los instructores cuentan con Certificaci\u00f3n Internacional avalada por la Asociaci\u00f3n Internacional de Yoga Alliance de 200 y 500 horas. Reconocimiento YACEPH y certificaciones de expertos avalados por dicha asociaci\u00f3n. &quot;,&quot;type&quot;:&quot;unstyled&quot;,&quot;depth&quot;:0,&quot;inlineStyleRanges&quot;:[{&quot;offset&quot;:4,&quot;length&quot;:13,&quot;style&quot;:&quot;BOLD&quot;}],&quot;entityRanges&quot;:[],&quot;data&quot;:{}},{&quot;key&quot;:&quot;es6m4&quot;,&quot;text&quot;:&quot;&quot;,&quot;type&quot;:&quot;unstyled&quot;,&quot;depth&quot;:0,&quot;inlineStyleRanges&quot;:[],&quot;entityRanges&quot;:[],&quot;data&quot;:{}},{&quot;key&quot;:&quot;e6mvq&quot;,&quot;text&quot;:&quot;Diversos cursos y certificaciones en terapias hol\u00edsticas como Reiki, Flores de Bach, p\u00e9ndulo hebreo, terapia de \u00e1ngeles e hipnosis. &quot;,&quot;type&quot;:&quot;unstyled&quot;,&quot;depth&quot;:0,&quot;inlineStyleRanges&quot;:[{&quot;offset&quot;:8,&quot;length&quot;:25,&quot;style&quot;:&quot;BOLD&quot;}],&quot;entityRanges&quot;:[],&quot;data&quot;:{}},{&quot;key&quot;:&quot;98a7f&quot;,&quot;text&quot;:&quot;&quot;,&quot;type&quot;:&quot;unstyled&quot;,&quot;depth&quot;:0,&quot;inlineStyleRanges&quot;:[],&quot;entityRanges&quot;:[],&quot;data&quot;:{}},{&quot;key&quot;:&quot;3fnmc&quot;,&quot;text&quot;:&quot;Es una escuela pionera en Yucat\u00e1n en cuanto a la practica de yoga, contando con mas de 10 a\u00f1os de experiencia y certificados internacionalmente para la formaci\u00f3n de maestros de yoga.&quot;,&quot;type&quot;:&quot;unstyled&quot;,&quot;depth&quot;:0,&quot;inlineStyleRanges&quot;:[{&quot;offset&quot;:7,&quot;length&quot;:58,&quot;style&quot;:&quot;BOLD&quot;}],&quot;entityRanges&quot;:[],&quot;data&quot;:{}},{&quot;key&quot;:&quot;c0vim&quot;,&quot;text&quot;:&quot; &quot;,&quot;type&quot;:&quot;atomic&quot;,&quot;depth&quot;:0,&quot;inlineStyleRanges&quot;:[],&quot;entityRanges&quot;:[{&quot;offset&quot;:0,&quot;length&quot;:1,&quot;key&quot;:2}],&quot;data&quot;:{}},{&quot;key&quot;:&quot;cuuq7&quot;,&quot;text&quot;:&quot;En cuanto a sus eventos, cuentan con diferentes formaciones para maestros de yoga como la formaci\u00f3n intensiva en Izamal en la Hacienda de Kanabal y la formaci\u00f3n internacional con 11 m\u00f3dulos (1 vez al mes).&quot;,&quot;type&quot;:&quot;unstyled&quot;,&quot;depth&quot;:0,&quot;inlineStyleRanges&quot;:[{&quot;offset&quot;:16,&quot;length&quot;:8,&quot;style&quot;:&quot;BOLD&quot;}],&quot;entityRanges&quot;:[],&quot;data&quot;:{}},{&quot;key&quot;:&quot;91jhi&quot;,&quot;text&quot;:&quot;&quot;,&quot;type&quot;:&quot;unstyled&quot;,&quot;depth&quot;:0,&quot;inlineStyleRanges&quot;:[],&quot;entityRanges&quot;:[],&quot;data&quot;:{}},{&quot;key&quot;:&quot;4p5ej&quot;,&quot;text&quot;:&quot;Tambi\u00e9n organizan retiros de yoga en coordinaci\u00f3n con Hector Ter\u00e1n, cursos de atrapa sue\u00f1os, clases especiales de yoga a la luz de la luna nueva, c\u00edrculos de meditaci\u00f3n con yoga y ritual. &quot;,&quot;type&quot;:&quot;unstyled&quot;,&quot;depth&quot;:0,&quot;inlineStyleRanges&quot;:[{&quot;offset&quot;:8,&quot;length&quot;:25,&quot;style&quot;:&quot;BOLD&quot;}],&quot;entityRanges&quot;:[],&quot;data&quot;:{}},{&quot;key&quot;:&quot;6ukgo&quot;,&quot;text&quot;:&quot;&quot;,&quot;type&quot;:&quot;unstyled&quot;,&quot;depth&quot;:0,&quot;inlineStyleRanges&quot;:[],&quot;entityRanges&quot;:[],&quot;data&quot;:{}},{&quot;key&quot;:&quot;7im88&quot;,&quot;text&quot;:&quot;Dentro de sus instalaciones encontrar\u00e1s un sal\u00f3n para aproximadamente 12 personas completamente acondicionado y con todos los aditamentos necesarios para tener una practica completa. Ofrecen servicios como estacionamiento, ba\u00f1os y regaderas.&quot;,&quot;type&quot;:&quot;unstyled&quot;,&quot;depth&quot;:0,&quot;inlineStyleRanges&quot;:[{&quot;offset&quot;:14,&quot;length&quot;:13,&quot;style&quot;:&quot;BOLD&quot;}],&quot;entityRanges&quot;:[],&quot;data&quot;:{}},{&quot;key&quot;:&quot;br13o&quot;,&quot;text&quot;:&quot;&quot;,&quot;type&quot;:&quot;unstyled&quot;,&quot;depth&quot;:0,&quot;inlineStyleRanges&quot;:[],&quot;entityRanges&quot;:[],&quot;data&quot;:{}},{&quot;key&quot;:&quot;32o57&quot;,&quot;text&quot;:&quot;Te recomendamos llevar ropa deportiva o con la que te sientas c\u00f3modo para realizar tus practicas. Procura llevar tu propio mat y haber comido ligero 2 horas antes de tu sesi\u00f3n. Acude con mucha actitud y mente abierta. &quot;,&quot;type&quot;:&quot;unstyled&quot;,&quot;depth&quot;:0,&quot;inlineStyleRanges&quot;:[{&quot;offset&quot;:3,&quot;length&quot;:12,&quot;style&quot;:&quot;BOLD&quot;}],&quot;entityRanges&quot;:[],&quot;data&quot;:{}},{&quot;key&quot;:&quot;7qj7j&quot;,&quot;text&quot;:&quot;&quot;,&quot;type&quot;:&quot;unstyled&quot;,&quot;depth&quot;:0,&quot;inlineStyleRanges&quot;:[],&quot;entityRanges&quot;:[],&quot;data&quot;:{}},{&quot;key&quot;:&quot;9rhg1&quot;,&quot;text&quot;:&quot;\u00bfQu\u00e9 esperas para conocerlos? Reserva tus clases por medio de la App de Fitpass M\u00e9xico y s\u00edguenos en Facebook: Fitpass M\u00e9xico o Instagram: @Fitpassmx para estar al tanto de nuestros tips y promociones.&quot;,&quot;type&quot;:&quot;unstyled&quot;,&quot;depth&quot;:0,&quot;inlineStyleRanges&quot;:[{&quot;offset&quot;:0,&quot;length&quot;:29,&quot;style&quot;:&quot;BOLD&quot;}],&quot;entityRanges&quot;:[],&quot;data&quot;:{}},{&quot;key&quot;:&quot;9bd7f&quot;,&quot;text&quot;:&quot;&quot;,&quot;type&quot;:&quot;unstyled&quot;,&quot;depth&quot;:0,&quot;inlineStyleRanges&quot;:[],&quot;entityRanges&quot;:[],&quot;data&quot;:{}},{&quot;key&quot;:&quot;3qaip&quot;,&quot;text&quot;:&quot;Virya Yoga &amp; Holistic Center Merida |Sucursal 1:  Calle 26 #105 por 13 y 15 San Antonio Cinta\/\/Sucursal 2: Calle 49 C #297 por 46 y 48 Francisco de Montejo | Facebook: Virya Yoga| Instagram: @viryayogamerida&quot;,&quot;type&quot;:&quot;unstyled&quot;,&quot;depth&quot;:0,&quot;inlineStyleRanges&quot;:[],&quot;entityRanges&quot;:[],&quot;data&quot;:{}},{&quot;key&quot;:&quot;c1u00&quot;,&quot;text&quot;:&quot;&quot;,&quot;type&quot;:&quot;unstyled&quot;,&quot;depth&quot;:0,&quot;inlineStyleRanges&quot;:[],&quot;entityRanges&quot;:[],&quot;data&quot;:{}},{&quot;key&quot;:&quot;b51k4&quot;,&quot;text&quot;:&quot;Por: Renata de la Paz &quot;,&quot;type&quot;:&quot;unstyled&quot;,&quot;depth&quot;:0,&quot;inlineStyleRanges&quot;:[{&quot;offset&quot;:0,&quot;length&quot;:22,&quot;style&quot;:&quot;BOLD&quot;}],&quot;entityRanges&quot;:[],&quot;data&quot;:{}},{&quot;key&quot;:&quot;56lae&quot;,&quot;text&quot;:&quot;&quot;,&quot;type&quot;:&quot;unstyled&quot;,&quot;depth&quot;:0,&quot;inlineStyleRanges&quot;:[],&quot;entityRanges&quot;:[],&quot;data&quot;:{}},{&quot;key&quot;:&quot;4vue2&quot;,&quot;text&quot;:&quot;-----------------------------&quot;,&quot;type&quot;:&quot;unstyled&quot;,&quot;depth&quot;:0,&quot;inlineStyleRanges&quot;:[{&quot;offset&quot;:0,&quot;length&quot;:29,&quot;style&quot;:&quot;BOLD&quot;}],&quot;entityRanges&quot;:[],&quot;data&quot;:{}},{&quot;key&quot;:&quot;6gp5h&quot;,&quot;text&quot;:&quot;Renata de la Paz Mart\u00ednez de Velasco, es estudiante de Administraci\u00f3n y Mercadotecnia en la Universidad Panamericana.  Ha trabajado en la OECD Par\u00eds y colaboradora de Soy Corredora. Apasionada del deporte, ha practicado tenis de alto rendimiento, formado parte de la selecci\u00f3n femenil de f\u00fatbol en Marymount y participante en el Marat\u00f3n Schneider Electric Paris. &quot;,&quot;type&quot;:&quot;unstyled&quot;,&quot;depth&quot;:0,&quot;inlineStyleRanges&quot;:[{&quot;offset&quot;:0,&quot;length&quot;:36,&quot;style&quot;:&quot;BOLD&quot;}],&quot;entityRanges&quot;:[],&quot;data&quot;:{}},{&quot;key&quot;:&quot;6irf3&quot;,&quot;text&quot;:&quot;Correo: renata@fitpass.mx Instagram: Renatadlp&quot;,&quot;type&quot;:&quot;unstyled&quot;,&quot;depth&quot;:0,&quot;inlineStyleRanges&quot;:[],&quot;entityRanges&quot;:[{&quot;offset&quot;:8,&quot;length&quot;:17,&quot;key&quot;:3}],&quot;data&quot;:{}}],&quot;entityMap&quot;:{&quot;0&quot;:{&quot;type&quot;:&quot;wix-draft-plugin-image&quot;,&quot;mutability&quot;:&quot;IMMUTABLE&quot;,&quot;data&quot;:{&quot;config&quot;:{&quot;alignment&quot;:&quot;left&quot;,&quot;size&quot;:&quot;small&quot;,&quot;showTitle&quot;:true,&quot;showDescription&quot;:true,&quot;textWrap&quot;:&quot;wrap&quot;},&quot;src&quot;:{&quot;id&quot;:&quot;8794f7_123b5a31cb6f4778aa0d2b1ada7b3ed4~mv2.jpg&quot;,&quot;original_file_name&quot;:&quot;8794f7_123b5a31cb6f4778aa0d2b1ada7b3ed4~mv2.jpg&quot;,&quot;file_name&quot;:&quot;8794f7_123b5a31cb6f4778aa0d2b1ada7b3ed4~mv2.jpg&quot;,&quot;width&quot;:776,&quot;height&quot;:776}}},&quot;1&quot;:{&quot;type&quot;:&quot;wix-draft-plugin-image&quot;,&quot;mutability&quot;:&quot;IMMUTABLE&quot;,&quot;data&quot;:{&quot;config&quot;:{&quot;alignment&quot;:&quot;center&quot;,&quot;size&quot;:&quot;content&quot;,&quot;showTitle&quot;:true,&quot;showDescription&quot;:true,&quot;textWrap&quot;:&quot;wrap&quot;},&quot;src&quot;:{&quot;id&quot;:&quot;8794f7_7caae81f13b1422d863843173749b68c~mv2.png&quot;,&quot;original_file_name&quot;:&quot;8794f7_7caae81f13b1422d863843173749b68c~mv2.png&quot;,&quot;file_name&quot;:&quot;8794f7_7caae81f13b1422d863843173749b68c~mv2.png&quot;,&quot;width&quot;:608,&quot;height&quot;:473}}},&quot;2&quot;:{&quot;type&quot;:&quot;wix-draft-plugin-image&quot;,&quot;mutability&quot;:&quot;IMMUTABLE&quot;,&quot;data&quot;:{&quot;config&quot;:{&quot;alignment&quot;:&quot;center&quot;,&quot;size&quot;:&quot;content&quot;,&quot;showTitle&quot;:true,&quot;showDescription&quot;:true,&quot;textWrap&quot;:&quot;wrap&quot;},&quot;src&quot;:{&quot;id&quot;:&quot;8794f7_b9c48b7bae5c4dffbef037380f6ef6fb~mv2.png&quot;,&quot;original_file_name&quot;:&quot;8794f7_b9c48b7bae5c4dffbef037380f6ef6fb~mv2.png&quot;,&quot;file_name&quot;:&quot;8794f7_b9c48b7bae5c4dffbef037380f6ef6fb~mv2.png&quot;,&quot;width&quot;:604,&quot;height&quot;:384}}},&quot;3&quot;:{&quot;type&quot;:&quot;LINK&quot;,&quot;mutability&quot;:&quot;MUTABLE&quot;,&quot;data&quot;:{&quot;target&quot;:&quot;_blank&quot;,&quot;rel&quot;:&quot;&quot;,&quot;href&quot;:&quot;mailto:renata@fitpass.mx&quot;,&quot;url&quot;:&quot;mailto:renata@fitpass.mx&quot;}}},&quot;VERSION&quot;:&quot;9.3.6&quot;}\">\n<div class=\"_25Ehb _3qYRK Oh89J public-DraftStyleDefault-block-depth0 public-DraftStyleDefault-text-ltr fixed-tab-size rich_content_P\" data-block=\"true\" data-editor=\"editor\" data-offset-key=\"foo-0-0\">\n<div class=\"public-DraftStyleDefault-block public-DraftStyleDefault-ltr\" data-offset-key=\"foo-0-0\"><span data-offset-key=\"foo-0-0\">Virya Yoga es un <\/span><span data-offset-key=\"foo-0-1\">centro hol\u00edstico dedicado a la practica del yoga<\/span><span data-offset-key=\"foo-0-2\"> y formaci\u00f3n de maestros en esta disciplina buscando el desarrollo integral del ser humano por medio de terapias hol\u00edsticas, c\u00edrculos de meditaci\u00f3n y actividades integrales. <\/span><\/div>\n<\/div>\n<div class=\"_25Ehb _3qYRK Oh89J public-DraftStyleDefault-block-depth0 public-DraftStyleDefault-text-ltr fixed-tab-size rich_content_P\" data-block=\"true\" data-editor=\"editor\" data-offset-key=\"db936-0-0\">\n<div class=\"public-DraftStyleDefault-block public-DraftStyleDefault-ltr\" data-offset-key=\"db936-0-0\"><span data-offset-key=\"db936-0-0\">\u00a0<\/span><\/div>\n<\/div>\n<div class=\"_25Ehb _3qYRK Oh89J public-DraftStyleDefault-block-depth0 public-DraftStyleDefault-text-ltr fixed-tab-size rich_content_P\" data-block=\"true\" data-editor=\"editor\" data-offset-key=\"d964q-0-0\">\n<div class=\"public-DraftStyleDefault-block public-DraftStyleDefault-ltr\" data-offset-key=\"d964q-0-0\"><span data-offset-key=\"d964q-0-0\">Su <\/span><span data-offset-key=\"d964q-0-1\">misi\u00f3n<\/span><span data-offset-key=\"d964q-0-2\"> es promover la expansi\u00f3n de la disciplina del yoga para la salud y bienestar integral de las personas incluyendo la meditaci\u00f3n, t\u00e9cnicas de respiraci\u00f3n, alimentaci\u00f3n consciente, retiros, talleres y herramientas de salud integral.<\/span><\/div>\n<\/div>\n<div class=\"_25Ehb _3qYRK Oh89J public-DraftStyleDefault-block-depth0 public-DraftStyleDefault-text-ltr fixed-tab-size rich_content_P\" data-block=\"true\" data-editor=\"editor\" data-offset-key=\"34i9v-0-0\">\n<div class=\"public-DraftStyleDefault-block public-DraftStyleDefault-ltr\" data-offset-key=\"34i9v-0-0\"><span data-offset-key=\"34i9v-0-0\">\u00a0<\/span><\/div>\n<\/div>\n<div class=\"_25Ehb _3qYRK Oh89J public-DraftStyleDefault-block-depth0 public-DraftStyleDefault-text-ltr fixed-tab-size rich_content_P\" data-block=\"true\" data-editor=\"editor\" data-offset-key=\"cejq4-0-0\">\n<div class=\"public-DraftStyleDefault-block public-DraftStyleDefault-ltr\" data-offset-key=\"cejq4-0-0\"><span data-offset-key=\"cejq4-0-0\">Este centro <\/span><span data-offset-key=\"cejq4-0-1\">se especializa en Yoga por lo que ofrece las siguientes clases:<\/span><\/div>\n<\/div>\n<div class=\"_25Ehb _3qYRK Oh89J public-DraftStyleDefault-block-depth0 public-DraftStyleDefault-text-ltr fixed-tab-size rich_content_P\" data-block=\"true\" data-editor=\"editor\" data-offset-key=\"e227m-0-0\">\n<div class=\"public-DraftStyleDefault-block public-DraftStyleDefault-ltr\" data-offset-key=\"e227m-0-0\"><span data-offset-key=\"e227m-0-0\">\u00a0<\/span><\/div>\n<\/div>\n<div class=\"_25Ehb _3qYRK Oh89J public-DraftStyleDefault-block-depth0 public-DraftStyleDefault-text-ltr fixed-tab-size rich_content_P\" data-block=\"true\" data-editor=\"editor\" data-offset-key=\"4fr24-0-0\">\n<div class=\"public-DraftStyleDefault-block public-DraftStyleDefault-ltr\" data-offset-key=\"4fr24-0-0\"><span data-offset-key=\"4fr24-0-0\">Yoga para principiantes<\/span><span data-offset-key=\"4fr24-0-1\">, enfocadas a personas con poca experiencia en la pr\u00e1ctica del yoga. Buscan ense\u00f1ar posturas b\u00e1sicas, alineaci\u00f3n y fundamentos de meditaci\u00f3n y t\u00e9cnicas de respiraci\u00f3n. <\/span><\/div>\n<\/div>\n<div class=\"_25Ehb _3qYRK Oh89J public-DraftStyleDefault-block-depth0 public-DraftStyleDefault-text-ltr fixed-tab-size rich_content_P\" data-block=\"true\" data-editor=\"editor\" data-offset-key=\"2nh8p-0-0\">\n<div class=\"public-DraftStyleDefault-block public-DraftStyleDefault-ltr\" data-offset-key=\"2nh8p-0-0\"><span data-offset-key=\"2nh8p-0-0\">\u00a0<\/span><\/div>\n<\/div>\n<div class=\"_25Ehb _3qYRK Oh89J public-DraftStyleDefault-block-depth0 public-DraftStyleDefault-text-ltr fixed-tab-size rich_content_P\" data-block=\"true\" data-editor=\"editor\" data-offset-key=\"3dqen-0-0\">\n<div class=\"public-DraftStyleDefault-block public-DraftStyleDefault-ltr\" data-offset-key=\"3dqen-0-0\"><span data-offset-key=\"3dqen-0-0\">Yoga Multinivel<\/span><span data-offset-key=\"3dqen-0-1\">, clase ideal para personas con mas de 3 meses de practica al igual que para aquellos con experiencia. Manejan distintas opciones y variaciones.<\/span><\/div>\n<\/div>\n<div class=\"_25Ehb _3qYRK Oh89J public-DraftStyleDefault-block-depth0 public-DraftStyleDefault-text-ltr fixed-tab-size rich_content_P\" data-block=\"true\" data-editor=\"editor\" data-offset-key=\"4krf-0-0\">\n<div class=\"public-DraftStyleDefault-block public-DraftStyleDefault-ltr\" data-offset-key=\"4krf-0-0\"><\/div>\n<\/div>\n<div class=\"_25Ehb _3qYRK Oh89J public-DraftStyleDefault-block-depth0 public-DraftStyleDefault-text-ltr fixed-tab-size rich_content_P\" data-block=\"true\" data-editor=\"editor\" data-offset-key=\"eiu9h-0-0\">\n<div class=\"public-DraftStyleDefault-block public-DraftStyleDefault-ltr\" data-offset-key=\"eiu9h-0-0\"><span data-offset-key=\"eiu9h-0-0\">Yoga Fluido<\/span><span data-offset-key=\"eiu9h-0-1\">, va ligando una postura a otra acompa\u00f1adas al ritmo de la respiraci\u00f3n. Su enfoque es crear una meditaci\u00f3n en movimiento.<\/span><\/div>\n<\/div>\n<div class=\"_25Ehb _3qYRK Oh89J public-DraftStyleDefault-block-depth0 public-DraftStyleDefault-text-ltr fixed-tab-size rich_content_P\" data-block=\"true\" data-editor=\"editor\" data-offset-key=\"84v3a-0-0\">\n<div class=\"public-DraftStyleDefault-block public-DraftStyleDefault-ltr\" data-offset-key=\"84v3a-0-0\"><\/div>\n<\/div>\n<div class=\"_25Ehb _3qYRK Oh89J public-DraftStyleDefault-block-depth0 public-DraftStyleDefault-text-ltr fixed-tab-size rich_content_P\" data-block=\"true\" data-editor=\"editor\" data-offset-key=\"7t1c9-0-0\">\n<div class=\"public-DraftStyleDefault-block public-DraftStyleDefault-ltr\" data-offset-key=\"7t1c9-0-0\"><span data-offset-key=\"7t1c9-0-0\">Yoga restaurativo<\/span><span data-offset-key=\"7t1c9-0-1\">, ideal para personas con alguna lesi\u00f3n, estr\u00e9s, operaci\u00f3n o enfermedad. Por medio del uso de soportes se busca profundizar y relajar los m\u00fasculos, soltar las tensiones y tonificar y fortalecer de una manera mas suave y pasiva. Incluye meditaci\u00f3n y t\u00e9cnicas de respiraci\u00f3n prana yama. <\/span><\/div>\n<\/div>\n<div class=\"_25Ehb _3qYRK Oh89J public-DraftStyleDefault-block-depth0 public-DraftStyleDefault-text-ltr fixed-tab-size rich_content_P\" data-block=\"true\" data-editor=\"editor\" data-offset-key=\"c403m-0-0\">\n<div class=\"public-DraftStyleDefault-block public-DraftStyleDefault-ltr\" data-offset-key=\"c403m-0-0\"><span data-offset-key=\"c403m-0-0\">\u00a0<\/span><\/div>\n<\/div>\n<div class=\"_25Ehb _3qYRK Oh89J public-DraftStyleDefault-block-depth0 public-DraftStyleDefault-text-ltr fixed-tab-size rich_content_P\" data-block=\"true\" data-editor=\"editor\" data-offset-key=\"f98rs-0-0\">\n<div class=\"public-DraftStyleDefault-block public-DraftStyleDefault-ltr\" data-offset-key=\"f98rs-0-0\"><span data-offset-key=\"f98rs-0-0\">Yoga prenatal<\/span><span data-offset-key=\"f98rs-0-1\">, clase ideal para mujeres que deseen fortalecer, pausar y re conectar con su bebe para preparase para el nacimiento de su bebe.<\/span><\/div>\n<\/div>\n<div class=\"_25Ehb _3qYRK Oh89J public-DraftStyleDefault-block-depth0 public-DraftStyleDefault-text-ltr fixed-tab-size rich_content_P\" data-block=\"true\" data-editor=\"editor\" data-offset-key=\"8pgch-0-0\">\n<div class=\"public-DraftStyleDefault-block public-DraftStyleDefault-ltr\" data-offset-key=\"8pgch-0-0\"><span data-offset-key=\"8pgch-0-0\">\u00a0<\/span><\/div>\n<\/div>\n<div class=\"_25Ehb _3qYRK Oh89J public-DraftStyleDefault-block-depth0 public-DraftStyleDefault-text-ltr fixed-tab-size rich_content_P\" data-block=\"true\" data-editor=\"editor\" data-offset-key=\"96u9q-0-0\">\n<div class=\"public-DraftStyleDefault-block public-DraftStyleDefault-ltr\" data-offset-key=\"96u9q-0-0\"><span data-offset-key=\"96u9q-0-0\">Yoga con cuerdas<\/span><span data-offset-key=\"96u9q-0-1\">, enfoca a todos los niveles de practica, generando altos beneficios de elongaci\u00f3n, precisi\u00f3n e intensidad en las posturas y generando una armon\u00eda en el cuerpo, mente y alma. <\/span><\/div>\n<div data-offset-key=\"96u9q-0-0\"><\/div>\n<div data-offset-key=\"96u9q-0-0\"><img decoding=\"async\" class=\"alignnone size-full wp-image-2354\" src=\"http:\/\/amak.mx\/fitpass\/wp-content\/uploads\/2022\/12\/8794f7_7caae81f13b1422d863843173749b68cmv2.webp\" alt=\"\" width=\"729\" height=\"568\" \/><\/div>\n<\/div>\n<div class=\"_25Ehb _3qYRK Oh89J public-DraftStyleDefault-block-depth0 public-DraftStyleDefault-text-ltr fixed-tab-size rich_content_P\" data-block=\"true\" data-editor=\"editor\" data-offset-key=\"fvep9-0-0\">\n<div data-offset-key=\"fvep9-0-0\"><\/div>\n<div class=\"public-DraftStyleDefault-block public-DraftStyleDefault-ltr\" data-offset-key=\"fvep9-0-0\"><span data-offset-key=\"fvep9-0-0\">Los <\/span><span data-offset-key=\"fvep9-0-1\">instructores <\/span><span data-offset-key=\"fvep9-0-2\">cuentan con Certificaci\u00f3n Internacional avalada por la Asociaci\u00f3n Internacional de Yoga Alliance de 200 y 500 horas. Reconocimiento YACEPH y certificaciones de expertos avalados por dicha asociaci\u00f3n. <\/span><\/div>\n<\/div>\n<div class=\"_25Ehb _3qYRK Oh89J public-DraftStyleDefault-block-depth0 public-DraftStyleDefault-text-ltr fixed-tab-size rich_content_P\" data-block=\"true\" data-editor=\"editor\" data-offset-key=\"c7h8h-0-0\">\n<div class=\"public-DraftStyleDefault-block public-DraftStyleDefault-ltr\" data-offset-key=\"c7h8h-0-0\"><span data-offset-key=\"c7h8h-0-0\">\u00a0<\/span><\/div>\n<\/div>\n<div class=\"_25Ehb _3qYRK Oh89J public-DraftStyleDefault-block-depth0 public-DraftStyleDefault-text-ltr fixed-tab-size rich_content_P\" data-block=\"true\" data-editor=\"editor\" data-offset-key=\"cd1d2-0-0\">\n<div class=\"public-DraftStyleDefault-block public-DraftStyleDefault-ltr\" data-offset-key=\"cd1d2-0-0\"><span data-offset-key=\"cd1d2-0-0\">Diversos<\/span><span data-offset-key=\"cd1d2-0-1\"> cursos y certificaciones<\/span><span data-offset-key=\"cd1d2-0-2\"> en terapias hol\u00edsticas como Reiki, Flores de Bach, p\u00e9ndulo hebreo, terapia de \u00e1ngeles e hipnosis. <\/span><\/div>\n<\/div>\n<div class=\"_25Ehb _3qYRK Oh89J public-DraftStyleDefault-block-depth0 public-DraftStyleDefault-text-ltr fixed-tab-size rich_content_P\" data-block=\"true\" data-editor=\"editor\" data-offset-key=\"d37i5-0-0\">\n<div class=\"public-DraftStyleDefault-block public-DraftStyleDefault-ltr\" data-offset-key=\"d37i5-0-0\"><span data-offset-key=\"d37i5-0-0\">\u00a0<\/span><\/div>\n<\/div>\n<div class=\"_25Ehb _3qYRK Oh89J public-DraftStyleDefault-block-depth0 public-DraftStyleDefault-text-ltr fixed-tab-size rich_content_P\" data-block=\"true\" data-editor=\"editor\" data-offset-key=\"779u1-0-0\">\n<div class=\"public-DraftStyleDefault-block public-DraftStyleDefault-ltr\" data-offset-key=\"779u1-0-0\"><span data-offset-key=\"779u1-0-0\">Es una <\/span><span data-offset-key=\"779u1-0-1\">escuela pionera en Yucat\u00e1n en cuanto a la practica de yoga<\/span><span data-offset-key=\"779u1-0-2\">, contando con mas de 10 a\u00f1os de experiencia y certificados internacionalmente para la formaci\u00f3n de maestros de yoga.<\/span><\/div>\n<div data-offset-key=\"779u1-0-0\"><\/div>\n<div data-offset-key=\"779u1-0-0\"><img decoding=\"async\" class=\"alignnone size-full wp-image-2356\" src=\"http:\/\/amak.mx\/fitpass\/wp-content\/uploads\/2022\/12\/8794f7_b9c48b7bae5c4dffbef037380f6ef6fbmv2.webp\" alt=\"\" width=\"725\" height=\"460\" \/><\/div>\n<div data-offset-key=\"779u1-0-0\"><\/div>\n<\/div>\n<div class=\"_25Ehb _3qYRK Oh89J public-DraftStyleDefault-block-depth0 public-DraftStyleDefault-text-ltr fixed-tab-size rich_content_P\" data-block=\"true\" data-editor=\"editor\" data-offset-key=\"6oaqh-0-0\">\n<div class=\"public-DraftStyleDefault-block public-DraftStyleDefault-ltr\" data-offset-key=\"6oaqh-0-0\"><span data-offset-key=\"6oaqh-0-0\">En cuanto a sus <\/span><span data-offset-key=\"6oaqh-0-1\">eventos,<\/span><span data-offset-key=\"6oaqh-0-2\"> cuentan con diferentes formaciones para maestros de yoga como la formaci\u00f3n intensiva en Izamal en la Hacienda de Kanabal y la formaci\u00f3n internacional con 11 m\u00f3dulos (1 vez al mes).<\/span><\/div>\n<\/div>\n<div class=\"_25Ehb _3qYRK Oh89J public-DraftStyleDefault-block-depth0 public-DraftStyleDefault-text-ltr fixed-tab-size rich_content_P\" data-block=\"true\" data-editor=\"editor\" data-offset-key=\"9ud4v-0-0\">\n<div class=\"public-DraftStyleDefault-block public-DraftStyleDefault-ltr\" data-offset-key=\"9ud4v-0-0\"><span data-offset-key=\"9ud4v-0-0\">\u00a0<\/span><\/div>\n<\/div>\n<div class=\"_25Ehb _3qYRK Oh89J public-DraftStyleDefault-block-depth0 public-DraftStyleDefault-text-ltr fixed-tab-size rich_content_P\" data-block=\"true\" data-editor=\"editor\" data-offset-key=\"ai4ej-0-0\">\n<div class=\"public-DraftStyleDefault-block public-DraftStyleDefault-ltr\" data-offset-key=\"ai4ej-0-0\"><span data-offset-key=\"ai4ej-0-0\">Tambi\u00e9n <\/span><span data-offset-key=\"ai4ej-0-1\">organizan retiros de yoga<\/span><span data-offset-key=\"ai4ej-0-2\"> en coordinaci\u00f3n con Hector Ter\u00e1n, cursos de atrapa sue\u00f1os, clases especiales de yoga a la luz de la luna nueva, c\u00edrculos de meditaci\u00f3n con yoga y ritual. <\/span><\/div>\n<\/div>\n<div class=\"_25Ehb _3qYRK Oh89J public-DraftStyleDefault-block-depth0 public-DraftStyleDefault-text-ltr fixed-tab-size rich_content_P\" data-block=\"true\" data-editor=\"editor\" data-offset-key=\"7rdc7-0-0\">\n<div class=\"public-DraftStyleDefault-block public-DraftStyleDefault-ltr\" data-offset-key=\"7rdc7-0-0\"><span data-offset-key=\"7rdc7-0-0\">\u00a0<\/span><\/div>\n<\/div>\n<div class=\"_25Ehb _3qYRK Oh89J public-DraftStyleDefault-block-depth0 public-DraftStyleDefault-text-ltr fixed-tab-size rich_content_P\" data-block=\"true\" data-editor=\"editor\" data-offset-key=\"16jmp-0-0\">\n<div class=\"public-DraftStyleDefault-block public-DraftStyleDefault-ltr\" data-offset-key=\"16jmp-0-0\"><span data-offset-key=\"16jmp-0-0\">Dentro de sus <\/span><span data-offset-key=\"16jmp-0-1\">instalaciones<\/span><span data-offset-key=\"16jmp-0-2\"> encontrar\u00e1s un sal\u00f3n para aproximadamente 12 personas completamente acondicionado y con todos los aditamentos necesarios para tener una practica completa. Ofrecen servicios como estacionamiento, ba\u00f1os y regaderas.<\/span><\/div>\n<\/div>\n<div class=\"_25Ehb _3qYRK Oh89J public-DraftStyleDefault-block-depth0 public-DraftStyleDefault-text-ltr fixed-tab-size rich_content_P\" data-block=\"true\" data-editor=\"editor\" data-offset-key=\"2v6ch-0-0\">\n<div class=\"public-DraftStyleDefault-block public-DraftStyleDefault-ltr\" data-offset-key=\"2v6ch-0-0\"><span data-offset-key=\"2v6ch-0-0\">\u00a0<\/span><\/div>\n<\/div>\n<div class=\"_25Ehb _3qYRK Oh89J public-DraftStyleDefault-block-depth0 public-DraftStyleDefault-text-ltr fixed-tab-size rich_content_P\" data-block=\"true\" data-editor=\"editor\" data-offset-key=\"7rqa3-0-0\">\n<div class=\"public-DraftStyleDefault-block public-DraftStyleDefault-ltr\" data-offset-key=\"7rqa3-0-0\"><span data-offset-key=\"7rqa3-0-0\">Te <\/span><span data-offset-key=\"7rqa3-0-1\">recomendamos<\/span><span data-offset-key=\"7rqa3-0-2\"> llevar ropa deportiva o con la que te sientas c\u00f3modo para realizar tus practicas. Procura llevar tu propio mat y haber comido ligero 2 horas antes de tu sesi\u00f3n. Acude con mucha actitud y mente abierta. <\/span><\/div>\n<\/div>\n<div class=\"_25Ehb _3qYRK Oh89J public-DraftStyleDefault-block-depth0 public-DraftStyleDefault-text-ltr fixed-tab-size rich_content_P\" data-block=\"true\" data-editor=\"editor\" data-offset-key=\"eorf3-0-0\">\n<div class=\"public-DraftStyleDefault-block public-DraftStyleDefault-ltr\" data-offset-key=\"eorf3-0-0\"><span data-offset-key=\"eorf3-0-0\">\u00a0<\/span><\/div>\n<\/div>\n<div class=\"_25Ehb _3qYRK Oh89J public-DraftStyleDefault-block-depth0 public-DraftStyleDefault-text-ltr fixed-tab-size rich_content_P\" data-block=\"true\" data-editor=\"editor\" data-offset-key=\"d8jl1-0-0\">\n<div class=\"public-DraftStyleDefault-block public-DraftStyleDefault-ltr\" data-offset-key=\"d8jl1-0-0\"><span data-offset-key=\"d8jl1-0-0\">\u00bfQu\u00e9 esperas para conocerlos?<\/span><span data-offset-key=\"d8jl1-0-1\"> Reserva tus clases por medio de la App de Fitpass M\u00e9xico y s\u00edguenos en Facebook: Fitpass M\u00e9xico o Instagram: @Fitpassmx para estar al tanto de nuestros tips y promociones.<\/span><\/div>\n<\/div>\n<div class=\"_25Ehb _3qYRK Oh89J public-DraftStyleDefault-block-depth0 public-DraftStyleDefault-text-ltr fixed-tab-size rich_content_P\" data-block=\"true\" data-editor=\"editor\" data-offset-key=\"c7us2-0-0\">\n<div class=\"public-DraftStyleDefault-block public-DraftStyleDefault-ltr\" data-offset-key=\"c7us2-0-0\"><span data-offset-key=\"c7us2-0-0\">\u00a0<\/span><\/div>\n<\/div>\n<div class=\"_25Ehb _3qYRK Oh89J public-DraftStyleDefault-block-depth0 public-DraftStyleDefault-text-ltr fixed-tab-size rich_content_P\" data-block=\"true\" data-editor=\"editor\" data-offset-key=\"2lt7t-0-0\">\n<div class=\"public-DraftStyleDefault-block public-DraftStyleDefault-ltr\" data-offset-key=\"2lt7t-0-0\"><span data-offset-key=\"2lt7t-0-0\">Virya Yoga &amp; Holistic Center Merida |Sucursal 1: Calle 26 #105 por 13 y 15 San Antonio Cinta\/\/Sucursal 2: Calle 49 C #297 por 46 y 48 Francisco de Montejo | Facebook: Virya Yoga| Instagram: @viryayogamerida<\/span><\/div>\n<\/div>\n<div class=\"_25Ehb _3qYRK Oh89J public-DraftStyleDefault-block-depth0 public-DraftStyleDefault-text-ltr fixed-tab-size rich_content_P\" data-block=\"true\" data-editor=\"editor\" data-offset-key=\"4fj1a-0-0\">\n<div class=\"public-DraftStyleDefault-block public-DraftStyleDefault-ltr\" data-offset-key=\"4fj1a-0-0\"><span data-offset-key=\"4fj1a-0-0\">\u00a0<\/span><\/div>\n<\/div>\n<div class=\"_25Ehb _3qYRK Oh89J public-DraftStyleDefault-block-depth0 public-DraftStyleDefault-text-ltr fixed-tab-size rich_content_P\" data-block=\"true\" data-editor=\"editor\" data-offset-key=\"8pl5i-0-0\">\n<div class=\"public-DraftStyleDefault-block public-DraftStyleDefault-ltr\" data-offset-key=\"8pl5i-0-0\"><span data-offset-key=\"8pl5i-0-0\">Por: Renata de la Paz <\/span><\/div>\n<\/div>\n<div class=\"_25Ehb _3qYRK Oh89J public-DraftStyleDefault-block-depth0 public-DraftStyleDefault-text-ltr fixed-tab-size rich_content_P\" data-block=\"true\" data-editor=\"editor\" data-offset-key=\"ajv6k-0-0\">\n<div class=\"public-DraftStyleDefault-block public-DraftStyleDefault-ltr\" data-offset-key=\"ajv6k-0-0\"><span data-offset-key=\"ajv6k-0-0\">\u00a0<\/span><\/div>\n<\/div>\n<div class=\"_25Ehb _3qYRK Oh89J public-DraftStyleDefault-block-depth0 public-DraftStyleDefault-text-ltr fixed-tab-size rich_content_P\" data-block=\"true\" data-editor=\"editor\" data-offset-key=\"abe94-0-0\">\n<div class=\"public-DraftStyleDefault-block public-DraftStyleDefault-ltr\" data-offset-key=\"abe94-0-0\"><span data-offset-key=\"abe94-0-0\">&#8212;&#8212;&#8212;&#8212;&#8212;&#8212;&#8212;&#8212;&#8212;&#8211;<\/span><\/div>\n<\/div>\n<div class=\"_25Ehb _3qYRK Oh89J public-DraftStyleDefault-block-depth0 public-DraftStyleDefault-text-ltr fixed-tab-size rich_content_P\" data-block=\"true\" data-editor=\"editor\" data-offset-key=\"580eg-0-0\">\n<div class=\"public-DraftStyleDefault-block public-DraftStyleDefault-ltr\" data-offset-key=\"580eg-0-0\"><span data-offset-key=\"580eg-0-0\">Renata de la Paz Mart\u00ednez de Velasco<\/span><span data-offset-key=\"580eg-0-1\">, es estudiante de Administraci\u00f3n y Mercadotecnia en la Universidad Panamericana. Ha trabajado en la OECD Par\u00eds y colaboradora de Soy Corredora. Apasionada del deporte, ha practicado tenis de alto rendimiento, formado parte de la selecci\u00f3n femenil de f\u00fatbol en Marymount y participante en el Marat\u00f3n Schneider Electric Paris. <\/span><\/div>\n<\/div>\n<div class=\"_25Ehb _3qYRK Oh89J public-DraftStyleDefault-block-depth0 public-DraftStyleDefault-text-ltr fixed-tab-size rich_content_P\" data-block=\"true\" data-editor=\"editor\" data-offset-key=\"5j88h-0-0\">\n<div class=\"public-DraftStyleDefault-block public-DraftStyleDefault-ltr\" data-offset-key=\"5j88h-0-0\"><span data-offset-key=\"5j88h-0-0\">Correo: <\/span><a class=\"_3Bkfb _1lsz7\" href=\"mailto:renata@fitpass.mx\" target=\"_blank\" rel=\"noopener noreferrer\" data-hook=\"linkViewer\"><span data-offset-key=\"5j88h-1-0\">renata@fitpass.mx<\/span><\/a><span data-offset-key=\"5j88h-2-0\"> Instagram: Renatadlp<\/span><\/div>\n<\/div>\n<\/div>\n","protected":false},"excerpt":{"rendered":"<p>Virya Yoga es un centro hol\u00edstico dedicado a la practica del yoga y formaci\u00f3n de maestros en esta disciplina buscando [&hellip;]<\/p>\n","protected":false},"author":3,"featured_media":2355,"comment_status":"open","ping_status":"open","sticky":false,"template":"","format":"standard","meta":[],"categories":[9],"tags":[],"yoast_head":"<!-- This site is optimized with the Yoast SEO plugin v20.4 - https:\/\/yoast.com\/wordpress\/plugins\/seo\/ -->\n<title>Virya Yoga &amp; Holistic Center M\u00e9rida - Blog Fitpass<\/title>\n<meta name=\"description\" content=\"Virya Yoga es un centro hol\u00edstico dedicado a la practica del yoga y formaci\u00f3n de maestros en esta disciplina buscando el desarrollo integral del ser humano por medio de terapias hol\u00edsticas, c\u00edrculos de meditaci\u00f3n y actividades integrales. Su misi\u00f3n es promover la expansi\u00f3n de la disciplina del yoga para la salud y bienestar integral de las personas incluyendo la meditaci\u00f3n, t\u00e9cnicas de respiraci\u00f3n, alimentaci\u00f3n consciente, retiros, talleres y herramientas de salud integral. Este centro se especi\" \/>\n<meta name=\"robots\" content=\"index, follow, max-snippet:-1, max-image-preview:large, max-video-preview:-1\" \/>\n<link rel=\"canonical\" href=\"https:\/\/www.fitpass.com\/mx\/blog\/2019\/03\/20\/virya-yoga-holistic-center-merida\/\" \/>\n<meta property=\"og:locale\" content=\"es_MX\" \/>\n<meta property=\"og:type\" content=\"article\" \/>\n<meta property=\"og:title\" content=\"Virya Yoga &amp; Holistic Center M\u00e9rida - Blog Fitpass\" \/>\n<meta property=\"og:description\" content=\"Virya Yoga es un centro hol\u00edstico dedicado a la practica del yoga y formaci\u00f3n de maestros en esta disciplina buscando el desarrollo integral del ser humano por medio de terapias hol\u00edsticas, c\u00edrculos de meditaci\u00f3n y actividades integrales. Su misi\u00f3n es promover la expansi\u00f3n de la disciplina del yoga para la salud y bienestar integral de las personas incluyendo la meditaci\u00f3n, t\u00e9cnicas de respiraci\u00f3n, alimentaci\u00f3n consciente, retiros, talleres y herramientas de salud integral. Este centro se especi\" \/>\n<meta property=\"og:url\" content=\"https:\/\/www.fitpass.com\/mx\/blog\/2019\/03\/20\/virya-yoga-holistic-center-merida\/\" \/>\n<meta property=\"og:site_name\" content=\"Blog Fitpass\" \/>\n<meta property=\"article:published_time\" content=\"2019-03-20T16:36:06+00:00\" \/>\n<meta property=\"article:modified_time\" content=\"2023-01-04T02:51:12+00:00\" \/>\n<meta property=\"og:image\" content=\"https:\/\/www.fitpass.com\/mx\/blog\/wp-content\/uploads\/2022\/12\/8794f7_123b5a31cb6f4778aa0d2b1ada7b3ed4mv2.webp\" \/>\n\t<meta property=\"og:image:width\" content=\"568\" \/>\n\t<meta property=\"og:image:height\" content=\"568\" \/>\n\t<meta property=\"og:image:type\" content=\"image\/webp\" \/>\n<meta name=\"author\" content=\"Renata de la Paz\" \/>\n<meta name=\"twitter:card\" content=\"summary_large_image\" \/>\n<meta name=\"twitter:label1\" content=\"Escrito por\" \/>\n\t<meta name=\"twitter:data1\" content=\"Renata de la Paz\" \/>\n\t<meta name=\"twitter:label2\" content=\"Tiempo de lectura\" \/>\n\t<meta name=\"twitter:data2\" content=\"3 minutos\" \/>\n<script type=\"application\/ld+json\" class=\"yoast-schema-graph\">{\"@context\":\"https:\/\/schema.org\",\"@graph\":[{\"@type\":\"WebPage\",\"@id\":\"https:\/\/www.fitpass.com\/mx\/blog\/2019\/03\/20\/virya-yoga-holistic-center-merida\/\",\"url\":\"https:\/\/www.fitpass.com\/mx\/blog\/2019\/03\/20\/virya-yoga-holistic-center-merida\/\",\"name\":\"Virya Yoga & Holistic Center M\u00e9rida - Blog Fitpass\",\"isPartOf\":{\"@id\":\"https:\/\/www.fitpass.com\/mx\/blog\/#website\"},\"datePublished\":\"2019-03-20T16:36:06+00:00\",\"dateModified\":\"2023-01-04T02:51:12+00:00\",\"author\":{\"@id\":\"https:\/\/www.fitpass.com\/mx\/blog\/#\/schema\/person\/140af7b177bbc617b85cef1b4a1b72ab\"},\"description\":\"Virya Yoga es un centro hol\u00edstico dedicado a la practica del yoga y formaci\u00f3n de maestros en esta disciplina buscando el desarrollo integral del ser humano por medio de terapias hol\u00edsticas, c\u00edrculos de meditaci\u00f3n y actividades integrales. Su misi\u00f3n es promover la expansi\u00f3n de la disciplina del yoga para la salud y bienestar integral de las personas incluyendo la meditaci\u00f3n, t\u00e9cnicas de respiraci\u00f3n, alimentaci\u00f3n consciente, retiros, talleres y herramientas de salud integral. Este centro se especi\",\"breadcrumb\":{\"@id\":\"https:\/\/www.fitpass.com\/mx\/blog\/2019\/03\/20\/virya-yoga-holistic-center-merida\/#breadcrumb\"},\"inLanguage\":\"es-MX\",\"potentialAction\":[{\"@type\":\"ReadAction\",\"target\":[\"https:\/\/www.fitpass.com\/mx\/blog\/2019\/03\/20\/virya-yoga-holistic-center-merida\/\"]}]},{\"@type\":\"BreadcrumbList\",\"@id\":\"https:\/\/www.fitpass.com\/mx\/blog\/2019\/03\/20\/virya-yoga-holistic-center-merida\/#breadcrumb\",\"itemListElement\":[{\"@type\":\"ListItem\",\"position\":1,\"name\":\"Inicio\",\"item\":\"https:\/\/www.fitpass.com\/mx\/blog\/\"},{\"@type\":\"ListItem\",\"position\":2,\"name\":\"Virya Yoga &#038; Holistic Center M\u00e9rida\"}]},{\"@type\":\"WebSite\",\"@id\":\"https:\/\/www.fitpass.com\/mx\/blog\/#website\",\"url\":\"https:\/\/www.fitpass.com\/mx\/blog\/\",\"name\":\"Blog Fitpass\",\"description\":\"\",\"potentialAction\":[{\"@type\":\"SearchAction\",\"target\":{\"@type\":\"EntryPoint\",\"urlTemplate\":\"https:\/\/www.fitpass.com\/mx\/blog\/?s={search_term_string}\"},\"query-input\":\"required name=search_term_string\"}],\"inLanguage\":\"es-MX\"},{\"@type\":\"Person\",\"@id\":\"https:\/\/www.fitpass.com\/mx\/blog\/#\/schema\/person\/140af7b177bbc617b85cef1b4a1b72ab\",\"name\":\"Renata de la Paz\",\"image\":{\"@type\":\"ImageObject\",\"inLanguage\":\"es-MX\",\"@id\":\"https:\/\/www.fitpass.com\/mx\/blog\/#\/schema\/person\/image\/\",\"url\":\"https:\/\/secure.gravatar.com\/avatar\/16f31051b3c942ed343c4adf1b2e7683?s=96&d=mm&r=g\",\"contentUrl\":\"https:\/\/secure.gravatar.com\/avatar\/16f31051b3c942ed343c4adf1b2e7683?s=96&d=mm&r=g\",\"caption\":\"Renata de la Paz\"},\"url\":\"https:\/\/www.fitpass.com\/mx\/blog\/author\/renata-de-la-paz\/\"}]}<\/script>\n<!-- \/ Yoast SEO plugin. -->","yoast_head_json":{"title":"Virya Yoga & Holistic Center M\u00e9rida - Blog Fitpass","description":"Virya Yoga es un centro hol\u00edstico dedicado a la practica del yoga y formaci\u00f3n de maestros en esta disciplina buscando el desarrollo integral del ser humano por medio de terapias hol\u00edsticas, c\u00edrculos de meditaci\u00f3n y actividades integrales. Su misi\u00f3n es promover la expansi\u00f3n de la disciplina del yoga para la salud y bienestar integral de las personas incluyendo la meditaci\u00f3n, t\u00e9cnicas de respiraci\u00f3n, alimentaci\u00f3n consciente, retiros, talleres y herramientas de salud integral. Este centro se especi","robots":{"index":"index","follow":"follow","max-snippet":"max-snippet:-1","max-image-preview":"max-image-preview:large","max-video-preview":"max-video-preview:-1"},"canonical":"https:\/\/www.fitpass.com\/mx\/blog\/2019\/03\/20\/virya-yoga-holistic-center-merida\/","og_locale":"es_MX","og_type":"article","og_title":"Virya Yoga & Holistic Center M\u00e9rida - Blog Fitpass","og_description":"Virya Yoga es un centro hol\u00edstico dedicado a la practica del yoga y formaci\u00f3n de maestros en esta disciplina buscando el desarrollo integral del ser humano por medio de terapias hol\u00edsticas, c\u00edrculos de meditaci\u00f3n y actividades integrales. Su misi\u00f3n es promover la expansi\u00f3n de la disciplina del yoga para la salud y bienestar integral de las personas incluyendo la meditaci\u00f3n, t\u00e9cnicas de respiraci\u00f3n, alimentaci\u00f3n consciente, retiros, talleres y herramientas de salud integral. Este centro se especi","og_url":"https:\/\/www.fitpass.com\/mx\/blog\/2019\/03\/20\/virya-yoga-holistic-center-merida\/","og_site_name":"Blog Fitpass","article_published_time":"2019-03-20T16:36:06+00:00","article_modified_time":"2023-01-04T02:51:12+00:00","og_image":[{"width":568,"height":568,"url":"https:\/\/www.fitpass.com\/mx\/blog\/wp-content\/uploads\/2022\/12\/8794f7_123b5a31cb6f4778aa0d2b1ada7b3ed4mv2.webp","type":"image\/webp"}],"author":"Renata de la Paz","twitter_card":"summary_large_image","twitter_misc":{"Escrito por":"Renata de la Paz","Tiempo de lectura":"3 minutos"},"schema":{"@context":"https:\/\/schema.org","@graph":[{"@type":"WebPage","@id":"https:\/\/www.fitpass.com\/mx\/blog\/2019\/03\/20\/virya-yoga-holistic-center-merida\/","url":"https:\/\/www.fitpass.com\/mx\/blog\/2019\/03\/20\/virya-yoga-holistic-center-merida\/","name":"Virya Yoga & Holistic Center M\u00e9rida - Blog Fitpass","isPartOf":{"@id":"https:\/\/www.fitpass.com\/mx\/blog\/#website"},"datePublished":"2019-03-20T16:36:06+00:00","dateModified":"2023-01-04T02:51:12+00:00","author":{"@id":"https:\/\/www.fitpass.com\/mx\/blog\/#\/schema\/person\/140af7b177bbc617b85cef1b4a1b72ab"},"description":"Virya Yoga es un centro hol\u00edstico dedicado a la practica del yoga y formaci\u00f3n de maestros en esta disciplina buscando el desarrollo integral del ser humano por medio de terapias hol\u00edsticas, c\u00edrculos de meditaci\u00f3n y actividades integrales. Su misi\u00f3n es promover la expansi\u00f3n de la disciplina del yoga para la salud y bienestar integral de las personas incluyendo la meditaci\u00f3n, t\u00e9cnicas de respiraci\u00f3n, alimentaci\u00f3n consciente, retiros, talleres y herramientas de salud integral. Este centro se especi","breadcrumb":{"@id":"https:\/\/www.fitpass.com\/mx\/blog\/2019\/03\/20\/virya-yoga-holistic-center-merida\/#breadcrumb"},"inLanguage":"es-MX","potentialAction":[{"@type":"ReadAction","target":["https:\/\/www.fitpass.com\/mx\/blog\/2019\/03\/20\/virya-yoga-holistic-center-merida\/"]}]},{"@type":"BreadcrumbList","@id":"https:\/\/www.fitpass.com\/mx\/blog\/2019\/03\/20\/virya-yoga-holistic-center-merida\/#breadcrumb","itemListElement":[{"@type":"ListItem","position":1,"name":"Inicio","item":"https:\/\/www.fitpass.com\/mx\/blog\/"},{"@type":"ListItem","position":2,"name":"Virya Yoga &#038; Holistic Center M\u00e9rida"}]},{"@type":"WebSite","@id":"https:\/\/www.fitpass.com\/mx\/blog\/#website","url":"https:\/\/www.fitpass.com\/mx\/blog\/","name":"Blog Fitpass","description":"","potentialAction":[{"@type":"SearchAction","target":{"@type":"EntryPoint","urlTemplate":"https:\/\/www.fitpass.com\/mx\/blog\/?s={search_term_string}"},"query-input":"required name=search_term_string"}],"inLanguage":"es-MX"},{"@type":"Person","@id":"https:\/\/www.fitpass.com\/mx\/blog\/#\/schema\/person\/140af7b177bbc617b85cef1b4a1b72ab","name":"Renata de la Paz","image":{"@type":"ImageObject","inLanguage":"es-MX","@id":"https:\/\/www.fitpass.com\/mx\/blog\/#\/schema\/person\/image\/","url":"https:\/\/secure.gravatar.com\/avatar\/16f31051b3c942ed343c4adf1b2e7683?s=96&d=mm&r=g","contentUrl":"https:\/\/secure.gravatar.com\/avatar\/16f31051b3c942ed343c4adf1b2e7683?s=96&d=mm&r=g","caption":"Renata de la Paz"},"url":"https:\/\/www.fitpass.com\/mx\/blog\/author\/renata-de-la-paz\/"}]}},"_links":{"self":[{"href":"https:\/\/www.fitpass.com\/mx\/blog\/wp-json\/wp\/v2\/posts\/2353"}],"collection":[{"href":"https:\/\/www.fitpass.com\/mx\/blog\/wp-json\/wp\/v2\/posts"}],"about":[{"href":"https:\/\/www.fitpass.com\/mx\/blog\/wp-json\/wp\/v2\/types\/post"}],"author":[{"embeddable":true,"href":"https:\/\/www.fitpass.com\/mx\/blog\/wp-json\/wp\/v2\/users\/3"}],"replies":[{"embeddable":true,"href":"https:\/\/www.fitpass.com\/mx\/blog\/wp-json\/wp\/v2\/comments?post=2353"}],"version-history":[{"count":1,"href":"https:\/\/www.fitpass.com\/mx\/blog\/wp-json\/wp\/v2\/posts\/2353\/revisions"}],"predecessor-version":[{"id":2357,"href":"https:\/\/www.fitpass.com\/mx\/blog\/wp-json\/wp\/v2\/posts\/2353\/revisions\/2357"}],"wp:featuredmedia":[{"embeddable":true,"href":"https:\/\/www.fitpass.com\/mx\/blog\/wp-json\/wp\/v2\/media\/2355"}],"wp:attachment":[{"href":"https:\/\/www.fitpass.com\/mx\/blog\/wp-json\/wp\/v2\/media?parent=2353"}],"wp:term":[{"taxonomy":"category","embeddable":true,"href":"https:\/\/www.fitpass.com\/mx\/blog\/wp-json\/wp\/v2\/categories?post=2353"},{"taxonomy":"post_tag","embeddable":true,"href":"https:\/\/www.fitpass.com\/mx\/blog\/wp-json\/wp\/v2\/tags?post=2353"}],"curies":[{"name":"wp","href":"https:\/\/api.w.org\/{rel}","templated":true}]}}