{"id":2518,"date":"2019-04-07T13:37:39","date_gmt":"2019-04-07T13:37:39","guid":{"rendered":"http:\/\/localhost:8888\/fitpass\/?p=2518"},"modified":"2024-06-05T19:45:53","modified_gmt":"2024-06-05T19:45:53","slug":"sense-pilates-puebla","status":"publish","type":"post","link":"https:\/\/www.fitpass.com\/mx\/blog\/2019\/04\/07\/sense-pilates-puebla\/","title":{"rendered":"Sense Pilates Carca\u00f1a"},"content":{"rendered":"<div data-draftjs-conductor-fragment=\"{&quot;blocks&quot;:[{&quot;key&quot;:&quot;ejv3f&quot;,&quot;text&quot;:&quot;Sense Pilates es un estudio de Pilates Reformer que te ofrece el m\u00e9todo cl\u00e1sico y contempor\u00e1neo siempre cuidando las bases de este y tendiendo como objetivo la mente sobre el cuerpo. &quot;,&quot;type&quot;:&quot;unstyled&quot;,&quot;depth&quot;:0,&quot;inlineStyleRanges&quot;:[{&quot;offset&quot;:20,&quot;length&quot;:76,&quot;style&quot;:&quot;BOLD&quot;}],&quot;entityRanges&quot;:[],&quot;data&quot;:{}},{&quot;key&quot;:&quot;bh0ia&quot;,&quot;text&quot;:&quot; &quot;,&quot;type&quot;:&quot;atomic&quot;,&quot;depth&quot;:0,&quot;inlineStyleRanges&quot;:[],&quot;entityRanges&quot;:[{&quot;offset&quot;:0,&quot;length&quot;:1,&quot;key&quot;:0}],&quot;data&quot;:{}},{&quot;key&quot;:&quot;ahqhe&quot;,&quot;text&quot;:&quot;Su misi\u00f3n es ense\u00f1arles a los alumnos el m\u00e9todo Pilates cl\u00e1sico y contempor\u00e1neo en Reformer. &quot;,&quot;type&quot;:&quot;unstyled&quot;,&quot;depth&quot;:0,&quot;inlineStyleRanges&quot;:[{&quot;offset&quot;:2,&quot;length&quot;:7,&quot;style&quot;:&quot;BOLD&quot;}],&quot;entityRanges&quot;:[],&quot;data&quot;:{}},{&quot;key&quot;:&quot;9h9jg&quot;,&quot;text&quot;:&quot;&quot;,&quot;type&quot;:&quot;unstyled&quot;,&quot;depth&quot;:0,&quot;inlineStyleRanges&quot;:[],&quot;entityRanges&quot;:[],&quot;data&quot;:{}},{&quot;key&quot;:&quot;593h9&quot;,&quot;text&quot;:&quot;Es un estudio especializado en Pilates Reformer, sus clases tienen una duraci\u00f3n de 50 minutos donde se trabaja tren inferior y superior fortaleciendo al mismo tiempo el core. &quot;,&quot;type&quot;:&quot;unstyled&quot;,&quot;depth&quot;:0,&quot;inlineStyleRanges&quot;:[{&quot;offset&quot;:49,&quot;length&quot;:45,&quot;style&quot;:&quot;BOLD&quot;}],&quot;entityRanges&quot;:[],&quot;data&quot;:{}},{&quot;key&quot;:&quot;f0rbc&quot;,&quot;text&quot;:&quot;&quot;,&quot;type&quot;:&quot;unstyled&quot;,&quot;depth&quot;:0,&quot;inlineStyleRanges&quot;:[],&quot;entityRanges&quot;:[],&quot;data&quot;:{}},{&quot;key&quot;:&quot;1h5o8&quot;,&quot;text&quot;:&quot;Utilizan diferentes resistencias y poleas para que la clase se adapte a personas de cualquier edad, condici\u00f3n f\u00edsica y mujeres embarazadas.&quot;,&quot;type&quot;:&quot;unstyled&quot;,&quot;depth&quot;:0,&quot;inlineStyleRanges&quot;:[],&quot;entityRanges&quot;:[],&quot;data&quot;:{}},{&quot;key&quot;:&quot;30q3g&quot;,&quot;text&quot;:&quot;&quot;,&quot;type&quot;:&quot;unstyled&quot;,&quot;depth&quot;:0,&quot;inlineStyleRanges&quot;:[],&quot;entityRanges&quot;:[],&quot;data&quot;:{}},{&quot;key&quot;:&quot;ef24&quot;,&quot;text&quot;:&quot;El m\u00e9todo abarca 8 puntos que son: elongaci\u00f3n muscular, fuerza, coordinaci\u00f3n, equilibrio, respiraci\u00f3n, correcci\u00f3n de postura, sensaci\u00f3n de bienestar y calidad de vida.&quot;,&quot;type&quot;:&quot;unstyled&quot;,&quot;depth&quot;:0,&quot;inlineStyleRanges&quot;:[{&quot;offset&quot;:35,&quot;length&quot;:132,&quot;style&quot;:&quot;BOLD&quot;}],&quot;entityRanges&quot;:[],&quot;data&quot;:{}},{&quot;key&quot;:&quot;dj1uq&quot;,&quot;text&quot;:&quot; &quot;,&quot;type&quot;:&quot;atomic&quot;,&quot;depth&quot;:0,&quot;inlineStyleRanges&quot;:[],&quot;entityRanges&quot;:[{&quot;offset&quot;:0,&quot;length&quot;:1,&quot;key&quot;:1}],&quot;data&quot;:{}},{&quot;key&quot;:&quot;3vsed&quot;,&quot;text&quot;:&quot;Las instructoras de este estudio cuentan con Certificaci\u00f3n a nivel nacional en el m\u00e9todo Pilates impartido Julian Little Ford y Patricia Martinez.&quot;,&quot;type&quot;:&quot;unstyled&quot;,&quot;depth&quot;:0,&quot;inlineStyleRanges&quot;:[{&quot;offset&quot;:3,&quot;length&quot;:13,&quot;style&quot;:&quot;BOLD&quot;}],&quot;entityRanges&quot;:[],&quot;data&quot;:{}},{&quot;key&quot;:&quot;4ca7s&quot;,&quot;text&quot;:&quot;&quot;,&quot;type&quot;:&quot;unstyled&quot;,&quot;depth&quot;:0,&quot;inlineStyleRanges&quot;:[],&quot;entityRanges&quot;:[],&quot;data&quot;:{}},{&quot;key&quot;:&quot;6r26l&quot;,&quot;text&quot;:&quot;Olga Estrada, la fundadora de Sense Pilates, cuenta con certificaci\u00f3n tanto nacional como internacional en este m\u00e9todo. Ha cursado cursos de especializaci\u00f3n de lesiones de rodillas, cadera, pies, hombro, cintura escapular, mano, mu\u00f1eca y columna vertebral para guiarte durante la clase y guiarte en tu recuperaci\u00f3n o evitar lesiones. &quot;,&quot;type&quot;:&quot;unstyled&quot;,&quot;depth&quot;:0,&quot;inlineStyleRanges&quot;:[{&quot;offset&quot;:0,&quot;length&quot;:12,&quot;style&quot;:&quot;BOLD&quot;}],&quot;entityRanges&quot;:[],&quot;data&quot;:{}},{&quot;key&quot;:&quot;fkks3&quot;,&quot;text&quot;:&quot;&quot;,&quot;type&quot;:&quot;unstyled&quot;,&quot;depth&quot;:0,&quot;inlineStyleRanges&quot;:[],&quot;entityRanges&quot;:[],&quot;data&quot;:{}},{&quot;key&quot;:&quot;ddce1&quot;,&quot;text&quot;:&quot;Se diferencian por sus maestras certificadas, clases semi personalizadas para darle al cliente la atenci\u00f3n que necesite, especialmente si cuenta con alguna lesi\u00f3n mostrarle ejercicios espec\u00edficos y darle modificaciones necesarias. &quot;,&quot;type&quot;:&quot;unstyled&quot;,&quot;depth&quot;:0,&quot;inlineStyleRanges&quot;:[{&quot;offset&quot;:3,&quot;length&quot;:11,&quot;style&quot;:&quot;BOLD&quot;}],&quot;entityRanges&quot;:[],&quot;data&quot;:{}},{&quot;key&quot;:&quot;m7jp&quot;,&quot;text&quot;:&quot; &quot;,&quot;type&quot;:&quot;atomic&quot;,&quot;depth&quot;:0,&quot;inlineStyleRanges&quot;:[],&quot;entityRanges&quot;:[{&quot;offset&quot;:0,&quot;length&quot;:1,&quot;key&quot;:2}],&quot;data&quot;:{}},{&quot;key&quot;:&quot;bp7bi&quot;,&quot;text&quot;:&quot;En cuanto a sus eventos, realizan cursos y talleres para capacitar a maestros en esta disciplina. &quot;,&quot;type&quot;:&quot;unstyled&quot;,&quot;depth&quot;:0,&quot;inlineStyleRanges&quot;:[{&quot;offset&quot;:16,&quot;length&quot;:7,&quot;style&quot;:&quot;BOLD&quot;}],&quot;entityRanges&quot;:[],&quot;data&quot;:{}},{&quot;key&quot;:&quot;63e1k&quot;,&quot;text&quot;:&quot;&quot;,&quot;type&quot;:&quot;unstyled&quot;,&quot;depth&quot;:0,&quot;inlineStyleRanges&quot;:[],&quot;entityRanges&quot;:[],&quot;data&quot;:{}},{&quot;key&quot;:&quot;ed1t5&quot;,&quot;text&quot;:&quot;Su comunidad se caracteriza por ser muy unida, se apoyan los unos a los otros para lograr los objetivos en el menor tiempo posible. Siempre te sentir\u00e1s bienvenido por los instructores y alumnos. &quot;,&quot;type&quot;:&quot;unstyled&quot;,&quot;depth&quot;:0,&quot;inlineStyleRanges&quot;:[{&quot;offset&quot;:3,&quot;length&quot;:9,&quot;style&quot;:&quot;BOLD&quot;}],&quot;entityRanges&quot;:[],&quot;data&quot;:{}},{&quot;key&quot;:&quot;186fo&quot;,&quot;text&quot;:&quot;&quot;,&quot;type&quot;:&quot;unstyled&quot;,&quot;depth&quot;:0,&quot;inlineStyleRanges&quot;:[],&quot;entityRanges&quot;:[],&quot;data&quot;:{}},{&quot;key&quot;:&quot;70v98&quot;,&quot;text&quot;:&quot;Dentro de sus instalaciones encontrar\u00e1s un sal\u00f3n completamente acondicionado y con 7 camas Reformer, vestidor y ba\u00f1os y un amplio estacionamiento. &quot;,&quot;type&quot;:&quot;unstyled&quot;,&quot;depth&quot;:0,&quot;inlineStyleRanges&quot;:[{&quot;offset&quot;:14,&quot;length&quot;:13,&quot;style&quot;:&quot;BOLD&quot;}],&quot;entityRanges&quot;:[],&quot;data&quot;:{}},{&quot;key&quot;:&quot;3o60p&quot;,&quot;text&quot;:&quot;&quot;,&quot;type&quot;:&quot;unstyled&quot;,&quot;depth&quot;:0,&quot;inlineStyleRanges&quot;:[],&quot;entityRanges&quot;:[],&quot;data&quot;:{}},{&quot;key&quot;:&quot;amr0a&quot;,&quot;text&quot;:&quot;Te recomendamos llevar ropa c\u00f3moda con la que puedas realizar diversos estiramientos, calcetines anti derrapantes si es que cuentas con ellos y mucha actitud para practicar este gran m\u00e9todo. &quot;,&quot;type&quot;:&quot;unstyled&quot;,&quot;depth&quot;:0,&quot;inlineStyleRanges&quot;:[{&quot;offset&quot;:3,&quot;length&quot;:12,&quot;style&quot;:&quot;BOLD&quot;}],&quot;entityRanges&quot;:[],&quot;data&quot;:{}},{&quot;key&quot;:&quot;cv20q&quot;,&quot;text&quot;:&quot;&quot;,&quot;type&quot;:&quot;unstyled&quot;,&quot;depth&quot;:0,&quot;inlineStyleRanges&quot;:[],&quot;entityRanges&quot;:[],&quot;data&quot;:{}},{&quot;key&quot;:&quot;cqtlg&quot;,&quot;text&quot;:&quot;\u00bfQu\u00e9 esperas para conocerlos? Reserva tus clases por medio de la App de Fitpass M\u00e9xico y s\u00edguenos en Facebook: Fitpass M\u00e9xico o Instagram: @Fitpassmx para estar al tanto de nuestros tips y promociones.&quot;,&quot;type&quot;:&quot;unstyled&quot;,&quot;depth&quot;:0,&quot;inlineStyleRanges&quot;:[{&quot;offset&quot;:0,&quot;length&quot;:29,&quot;style&quot;:&quot;BOLD&quot;}],&quot;entityRanges&quot;:[],&quot;data&quot;:{}},{&quot;key&quot;:&quot;78v2f&quot;,&quot;text&quot;:&quot;&quot;,&quot;type&quot;:&quot;unstyled&quot;,&quot;depth&quot;:0,&quot;inlineStyleRanges&quot;:[],&quot;entityRanges&quot;:[],&quot;data&quot;:{}},{&quot;key&quot;:&quot;302n9&quot;,&quot;text&quot;:&quot;Sense Pilates Puebla | Blvd. Forjadores 1010 Loc.15, Pabell\u00f3n Forjadores.\\n 72770 San Pedro Cholula, Mexico, Mexico| Facebook: Sense Pilates Studio | Instagram: @sensepilatesstudio&quot;,&quot;type&quot;:&quot;unstyled&quot;,&quot;depth&quot;:0,&quot;inlineStyleRanges&quot;:[],&quot;entityRanges&quot;:[],&quot;data&quot;:{}},{&quot;key&quot;:&quot;1rjts&quot;,&quot;text&quot;:&quot;&quot;,&quot;type&quot;:&quot;unstyled&quot;,&quot;depth&quot;:0,&quot;inlineStyleRanges&quot;:[],&quot;entityRanges&quot;:[],&quot;data&quot;:{}},{&quot;key&quot;:&quot;60r6u&quot;,&quot;text&quot;:&quot;Por: Renata de la Paz &quot;,&quot;type&quot;:&quot;unstyled&quot;,&quot;depth&quot;:0,&quot;inlineStyleRanges&quot;:[{&quot;offset&quot;:0,&quot;length&quot;:22,&quot;style&quot;:&quot;BOLD&quot;}],&quot;entityRanges&quot;:[],&quot;data&quot;:{}},{&quot;key&quot;:&quot;eqscb&quot;,&quot;text&quot;:&quot;&quot;,&quot;type&quot;:&quot;unstyled&quot;,&quot;depth&quot;:0,&quot;inlineStyleRanges&quot;:[],&quot;entityRanges&quot;:[],&quot;data&quot;:{}},{&quot;key&quot;:&quot;4lctu&quot;,&quot;text&quot;:&quot;-----------------------------&quot;,&quot;type&quot;:&quot;unstyled&quot;,&quot;depth&quot;:0,&quot;inlineStyleRanges&quot;:[{&quot;offset&quot;:0,&quot;length&quot;:29,&quot;style&quot;:&quot;BOLD&quot;}],&quot;entityRanges&quot;:[],&quot;data&quot;:{}},{&quot;key&quot;:&quot;2sj0k&quot;,&quot;text&quot;:&quot;Renata de la Paz Mart\u00ednez de Velasco, es estudiante de Administraci\u00f3n y Mercadotecnia en la Universidad Panamericana. Ha trabajado en la OECD Par\u00eds y colaboradora de Soy Corredora. Apasionada del deporte, ha practicado tenis de alto rendimiento, formado parte de la selecci\u00f3n femenil de f\u00fatbol en Marymount y participante en el Marat\u00f3n Schneider Electric Paris. &quot;,&quot;type&quot;:&quot;unstyled&quot;,&quot;depth&quot;:0,&quot;inlineStyleRanges&quot;:[{&quot;offset&quot;:0,&quot;length&quot;:36,&quot;style&quot;:&quot;BOLD&quot;}],&quot;entityRanges&quot;:[],&quot;data&quot;:{}},{&quot;key&quot;:&quot;5lc7o&quot;,&quot;text&quot;:&quot;Correo: renata@fitpass.mx Instagram: Renatadlp&quot;,&quot;type&quot;:&quot;unstyled&quot;,&quot;depth&quot;:0,&quot;inlineStyleRanges&quot;:[{&quot;offset&quot;:8,&quot;length&quot;:17,&quot;style&quot;:&quot;UNDERLINE&quot;}],&quot;entityRanges&quot;:[{&quot;offset&quot;:8,&quot;length&quot;:17,&quot;key&quot;:3}],&quot;data&quot;:{}}],&quot;entityMap&quot;:{&quot;0&quot;:{&quot;type&quot;:&quot;wix-draft-plugin-image&quot;,&quot;mutability&quot;:&quot;IMMUTABLE&quot;,&quot;data&quot;:{&quot;config&quot;:{&quot;alignment&quot;:&quot;left&quot;,&quot;size&quot;:&quot;small&quot;,&quot;showTitle&quot;:true,&quot;showDescription&quot;:true,&quot;key&quot;:&quot;53r85&quot;,&quot;textWrap&quot;:&quot;wrap&quot;},&quot;src&quot;:{&quot;id&quot;:&quot;8794f7_a285be201f3c4da68d6522134f1e83e0~mv2.jpg&quot;,&quot;original_file_name&quot;:&quot;8794f7_a285be201f3c4da68d6522134f1e83e0~mv2.jpg&quot;,&quot;file_name&quot;:&quot;8794f7_a285be201f3c4da68d6522134f1e83e0~mv2.jpg&quot;,&quot;width&quot;:568,&quot;height&quot;:399}}},&quot;1&quot;:{&quot;type&quot;:&quot;wix-draft-plugin-image&quot;,&quot;mutability&quot;:&quot;IMMUTABLE&quot;,&quot;data&quot;:{&quot;config&quot;:{&quot;alignment&quot;:&quot;center&quot;,&quot;size&quot;:&quot;content&quot;,&quot;showTitle&quot;:true,&quot;showDescription&quot;:true,&quot;key&quot;:&quot;dpdn0&quot;,&quot;textWrap&quot;:&quot;wrap&quot;},&quot;src&quot;:{&quot;id&quot;:&quot;8794f7_de673ce5ebe84450ba2b8667ba72d52c~mv2.png&quot;,&quot;original_file_name&quot;:&quot;8794f7_de673ce5ebe84450ba2b8667ba72d52c~mv2.png&quot;,&quot;file_name&quot;:&quot;8794f7_de673ce5ebe84450ba2b8667ba72d52c~mv2.png&quot;,&quot;width&quot;:1384,&quot;height&quot;:734}}},&quot;2&quot;:{&quot;type&quot;:&quot;wix-draft-plugin-image&quot;,&quot;mutability&quot;:&quot;IMMUTABLE&quot;,&quot;data&quot;:{&quot;config&quot;:{&quot;alignment&quot;:&quot;center&quot;,&quot;size&quot;:&quot;content&quot;,&quot;showTitle&quot;:true,&quot;showDescription&quot;:true,&quot;key&quot;:&quot;6aeru&quot;,&quot;textWrap&quot;:&quot;wrap&quot;},&quot;src&quot;:{&quot;id&quot;:&quot;8794f7_55f5d74446e8482c9e5137a4dac064d4~mv2.jpg&quot;,&quot;original_file_name&quot;:&quot;8794f7_55f5d74446e8482c9e5137a4dac064d4~mv2.jpg&quot;,&quot;file_name&quot;:&quot;8794f7_55f5d74446e8482c9e5137a4dac064d4~mv2.jpg&quot;,&quot;width&quot;:1032,&quot;height&quot;:774}}},&quot;3&quot;:{&quot;type&quot;:&quot;LINK&quot;,&quot;mutability&quot;:&quot;MUTABLE&quot;,&quot;data&quot;:{&quot;target&quot;:&quot;_blank&quot;,&quot;rel&quot;:&quot;&quot;,&quot;href&quot;:&quot;mailto:renata@fitpass.mx&quot;,&quot;url&quot;:&quot;mailto:renata@fitpass.mx&quot;}}},&quot;VERSION&quot;:&quot;9.3.6&quot;}\">\n<div class=\"_25Ehb _3qYRK Oh89J public-DraftStyleDefault-block-depth0 public-DraftStyleDefault-text-ltr fixed-tab-size rich_content_P\" data-block=\"true\" data-editor=\"editor\" data-offset-key=\"foo-0-0\">\n<div class=\"public-DraftStyleDefault-block public-DraftStyleDefault-ltr\" data-offset-key=\"foo-0-0\"><span data-offset-key=\"foo-0-0\">Sense Pilates es un <\/span><span data-offset-key=\"foo-0-1\">estudio de Pilates Reformer que te ofrece el m\u00e9todo cl\u00e1sico y contempor\u00e1neo <\/span><span data-offset-key=\"foo-0-2\">siempre cuidando las bases de este y tendiendo como objetivo la mente sobre el cuerpo. <\/span><\/div>\n<div data-offset-key=\"foo-0-0\"><\/div>\n<\/div>\n<div class=\"_25Ehb _3qYRK Oh89J public-DraftStyleDefault-block-depth0 public-DraftStyleDefault-text-ltr fixed-tab-size rich_content_P\" data-block=\"true\" data-editor=\"editor\" data-offset-key=\"5q3co-0-0\">\n<div class=\"public-DraftStyleDefault-block public-DraftStyleDefault-ltr\" data-offset-key=\"5q3co-0-0\"><span data-offset-key=\"5q3co-0-0\">Su<\/span><span data-offset-key=\"5q3co-0-1\"> misi\u00f3n<\/span><span data-offset-key=\"5q3co-0-2\"> es ense\u00f1arles a los alumnos el m\u00e9todo Pilates cl\u00e1sico y contempor\u00e1neo en Reformer. <\/span><\/div>\n<\/div>\n<div class=\"_25Ehb _3qYRK Oh89J public-DraftStyleDefault-block-depth0 public-DraftStyleDefault-text-ltr fixed-tab-size rich_content_P\" data-block=\"true\" data-editor=\"editor\" data-offset-key=\"934vp-0-0\">\n<div class=\"public-DraftStyleDefault-block public-DraftStyleDefault-ltr\" data-offset-key=\"934vp-0-0\"><span data-offset-key=\"934vp-0-0\">\u00a0<\/span><\/div>\n<\/div>\n<div class=\"_25Ehb _3qYRK Oh89J public-DraftStyleDefault-block-depth0 public-DraftStyleDefault-text-ltr fixed-tab-size rich_content_P\" data-block=\"true\" data-editor=\"editor\" data-offset-key=\"ben5i-0-0\">\n<div class=\"public-DraftStyleDefault-block public-DraftStyleDefault-ltr\" data-offset-key=\"ben5i-0-0\"><span data-offset-key=\"ben5i-0-0\">Es un estudio especializado en Pilates Reformer, <\/span><span data-offset-key=\"ben5i-0-1\">sus clases tienen una duraci\u00f3n de 50 minutos <\/span><span data-offset-key=\"ben5i-0-2\">donde se trabaja tren inferior y superior fortaleciendo al mismo tiempo el core. <\/span><\/div>\n<\/div>\n<div class=\"_25Ehb _3qYRK Oh89J public-DraftStyleDefault-block-depth0 public-DraftStyleDefault-text-ltr fixed-tab-size rich_content_P\" data-block=\"true\" data-editor=\"editor\" data-offset-key=\"8c7dg-0-0\">\n<div class=\"public-DraftStyleDefault-block public-DraftStyleDefault-ltr\" data-offset-key=\"8c7dg-0-0\"><span data-offset-key=\"8c7dg-0-0\">\u00a0<\/span><\/div>\n<\/div>\n<div class=\"_25Ehb _3qYRK Oh89J public-DraftStyleDefault-block-depth0 public-DraftStyleDefault-text-ltr fixed-tab-size rich_content_P\" data-block=\"true\" data-editor=\"editor\" data-offset-key=\"e8rjl-0-0\">\n<div class=\"public-DraftStyleDefault-block public-DraftStyleDefault-ltr\" data-offset-key=\"e8rjl-0-0\"><span data-offset-key=\"e8rjl-0-0\">Utilizan diferentes resistencias y poleas para que la clase se adapte a personas de cualquier edad, condici\u00f3n f\u00edsica y mujeres embarazadas.<\/span><\/div>\n<\/div>\n<div class=\"_25Ehb _3qYRK Oh89J public-DraftStyleDefault-block-depth0 public-DraftStyleDefault-text-ltr fixed-tab-size rich_content_P\" data-block=\"true\" data-editor=\"editor\" data-offset-key=\"4t216-0-0\">\n<div class=\"public-DraftStyleDefault-block public-DraftStyleDefault-ltr\" data-offset-key=\"4t216-0-0\"><span data-offset-key=\"4t216-0-0\">\u00a0<\/span><\/div>\n<\/div>\n<div class=\"_25Ehb _3qYRK Oh89J public-DraftStyleDefault-block-depth0 public-DraftStyleDefault-text-ltr fixed-tab-size rich_content_P\" data-block=\"true\" data-editor=\"editor\" data-offset-key=\"3gjuq-0-0\">\n<div class=\"public-DraftStyleDefault-block public-DraftStyleDefault-ltr\" data-offset-key=\"3gjuq-0-0\"><span data-offset-key=\"3gjuq-0-0\">El m\u00e9todo abarca 8 puntos que son: <\/span><span data-offset-key=\"3gjuq-0-1\">elongaci\u00f3n muscular, fuerza, coordinaci\u00f3n, equilibrio, respiraci\u00f3n, correcci\u00f3n de postura, sensaci\u00f3n de bienestar y calidad de vida.<\/span><\/div>\n<div data-offset-key=\"3gjuq-0-0\"><\/div>\n<div data-offset-key=\"3gjuq-0-0\"><img decoding=\"async\" class=\"alignnone size-full wp-image-2521\" src=\"http:\/\/amak.mx\/fitpass\/wp-content\/uploads\/2022\/12\/8794f7_de673ce5ebe84450ba2b8667ba72d52cmv2.webp\" alt=\"\" width=\"1168\" height=\"619\" \/><\/div>\n<div data-offset-key=\"3gjuq-0-0\"><\/div>\n<\/div>\n<div class=\"_25Ehb _3qYRK Oh89J public-DraftStyleDefault-block-depth0 public-DraftStyleDefault-text-ltr fixed-tab-size rich_content_P\" data-block=\"true\" data-editor=\"editor\" data-offset-key=\"47d8j-0-0\">\n<div class=\"public-DraftStyleDefault-block public-DraftStyleDefault-ltr\" data-offset-key=\"47d8j-0-0\"><span data-offset-key=\"47d8j-0-0\">Las<\/span><span data-offset-key=\"47d8j-0-1\"> instructoras<\/span><span data-offset-key=\"47d8j-0-2\"> de este estudio cuentan con Certificaci\u00f3n a nivel nacional en el m\u00e9todo Pilates impartido Julian Little Ford y Patricia Martinez.<\/span><\/div>\n<\/div>\n<div class=\"_25Ehb _3qYRK Oh89J public-DraftStyleDefault-block-depth0 public-DraftStyleDefault-text-ltr fixed-tab-size rich_content_P\" data-block=\"true\" data-editor=\"editor\" data-offset-key=\"1mbml-0-0\">\n<div class=\"public-DraftStyleDefault-block public-DraftStyleDefault-ltr\" data-offset-key=\"1mbml-0-0\"><span data-offset-key=\"1mbml-0-0\">\u00a0<\/span><\/div>\n<\/div>\n<div class=\"_25Ehb _3qYRK Oh89J public-DraftStyleDefault-block-depth0 public-DraftStyleDefault-text-ltr fixed-tab-size rich_content_P\" data-block=\"true\" data-editor=\"editor\" data-offset-key=\"bsv5l-0-0\">\n<div class=\"public-DraftStyleDefault-block public-DraftStyleDefault-ltr\" data-offset-key=\"bsv5l-0-0\"><span data-offset-key=\"bsv5l-0-0\">Olga Estrada<\/span><span data-offset-key=\"bsv5l-0-1\">, la fundadora de Sense Pilates, cuenta con certificaci\u00f3n tanto nacional como internacional en este m\u00e9todo. Ha cursado cursos de especializaci\u00f3n de lesiones de rodillas, cadera, pies, hombro, cintura escapular, mano, mu\u00f1eca y columna vertebral para guiarte durante la clase y guiarte en tu recuperaci\u00f3n o evitar lesiones. <\/span><\/div>\n<\/div>\n<div class=\"_25Ehb _3qYRK Oh89J public-DraftStyleDefault-block-depth0 public-DraftStyleDefault-text-ltr fixed-tab-size rich_content_P\" data-block=\"true\" data-editor=\"editor\" data-offset-key=\"3k6fv-0-0\">\n<div class=\"public-DraftStyleDefault-block public-DraftStyleDefault-ltr\" data-offset-key=\"3k6fv-0-0\"><span data-offset-key=\"3k6fv-0-0\">\u00a0<\/span><\/div>\n<\/div>\n<div class=\"_25Ehb _3qYRK Oh89J public-DraftStyleDefault-block-depth0 public-DraftStyleDefault-text-ltr fixed-tab-size rich_content_P\" data-block=\"true\" data-editor=\"editor\" data-offset-key=\"a5veu-0-0\">\n<div class=\"public-DraftStyleDefault-block public-DraftStyleDefault-ltr\" data-offset-key=\"a5veu-0-0\"><span data-offset-key=\"a5veu-0-0\">Se <\/span><span data-offset-key=\"a5veu-0-1\">diferencian<\/span><span data-offset-key=\"a5veu-0-2\"> por sus maestras certificadas, clases semi personalizadas para darle al cliente la atenci\u00f3n que necesite, especialmente si cuenta con alguna lesi\u00f3n mostrarle ejercicios espec\u00edficos y darle modificaciones necesarias. <\/span><\/div>\n<div data-offset-key=\"a5veu-0-0\"><\/div>\n<div data-offset-key=\"a5veu-0-0\"><img decoding=\"async\" class=\"alignnone size-full wp-image-2519\" src=\"http:\/\/amak.mx\/fitpass\/wp-content\/uploads\/2022\/12\/8794f7_55f5d74446e8482c9e5137a4dac064d4mv2.webp\" alt=\"\" width=\"1032\" height=\"774\" \/><\/div>\n<div data-offset-key=\"a5veu-0-0\"><\/div>\n<\/div>\n<div class=\"_25Ehb _3qYRK Oh89J public-DraftStyleDefault-block-depth0 public-DraftStyleDefault-text-ltr fixed-tab-size rich_content_P\" data-block=\"true\" data-editor=\"editor\" data-offset-key=\"ev3cj-0-0\">\n<div class=\"public-DraftStyleDefault-block public-DraftStyleDefault-ltr\" data-offset-key=\"ev3cj-0-0\"><span data-offset-key=\"ev3cj-0-0\">En cuanto a sus <\/span><span data-offset-key=\"ev3cj-0-1\">eventos<\/span><span data-offset-key=\"ev3cj-0-2\">, realizan cursos y talleres para capacitar a maestros en esta disciplina. <\/span><\/div>\n<\/div>\n<div class=\"_25Ehb _3qYRK Oh89J public-DraftStyleDefault-block-depth0 public-DraftStyleDefault-text-ltr fixed-tab-size rich_content_P\" data-block=\"true\" data-editor=\"editor\" data-offset-key=\"de9ks-0-0\">\n<div class=\"public-DraftStyleDefault-block public-DraftStyleDefault-ltr\" data-offset-key=\"de9ks-0-0\"><span data-offset-key=\"de9ks-0-0\">\u00a0<\/span><\/div>\n<\/div>\n<div class=\"_25Ehb _3qYRK Oh89J public-DraftStyleDefault-block-depth0 public-DraftStyleDefault-text-ltr fixed-tab-size rich_content_P\" data-block=\"true\" data-editor=\"editor\" data-offset-key=\"63efq-0-0\">\n<div class=\"public-DraftStyleDefault-block public-DraftStyleDefault-ltr\" data-offset-key=\"63efq-0-0\"><span data-offset-key=\"63efq-0-0\">Su <\/span><span data-offset-key=\"63efq-0-1\">comunidad<\/span><span data-offset-key=\"63efq-0-2\"> se caracteriza por ser muy unida, se apoyan los unos a los otros para lograr los objetivos en el menor tiempo posible. Siempre te sentir\u00e1s bienvenido por los instructores y alumnos. <\/span><\/div>\n<\/div>\n<div class=\"_25Ehb _3qYRK Oh89J public-DraftStyleDefault-block-depth0 public-DraftStyleDefault-text-ltr fixed-tab-size rich_content_P\" data-block=\"true\" data-editor=\"editor\" data-offset-key=\"arp16-0-0\">\n<div class=\"public-DraftStyleDefault-block public-DraftStyleDefault-ltr\" data-offset-key=\"arp16-0-0\"><span data-offset-key=\"arp16-0-0\">\u00a0<\/span><\/div>\n<\/div>\n<div class=\"_25Ehb _3qYRK Oh89J public-DraftStyleDefault-block-depth0 public-DraftStyleDefault-text-ltr fixed-tab-size rich_content_P\" data-block=\"true\" data-editor=\"editor\" data-offset-key=\"dfdoa-0-0\">\n<div class=\"public-DraftStyleDefault-block public-DraftStyleDefault-ltr\" data-offset-key=\"dfdoa-0-0\"><span data-offset-key=\"dfdoa-0-0\">Dentro de sus <\/span><span data-offset-key=\"dfdoa-0-1\">instalaciones<\/span><span data-offset-key=\"dfdoa-0-2\"> encontrar\u00e1s un sal\u00f3n completamente acondicionado y con 7 camas Reformer, vestidor y ba\u00f1os y un amplio estacionamiento. <\/span><\/div>\n<\/div>\n<div class=\"_25Ehb _3qYRK Oh89J public-DraftStyleDefault-block-depth0 public-DraftStyleDefault-text-ltr fixed-tab-size rich_content_P\" data-block=\"true\" data-editor=\"editor\" data-offset-key=\"dugqn-0-0\">\n<div class=\"public-DraftStyleDefault-block public-DraftStyleDefault-ltr\" data-offset-key=\"dugqn-0-0\"><span data-offset-key=\"dugqn-0-0\">\u00a0<\/span><\/div>\n<\/div>\n<div class=\"_25Ehb _3qYRK Oh89J public-DraftStyleDefault-block-depth0 public-DraftStyleDefault-text-ltr fixed-tab-size rich_content_P\" data-block=\"true\" data-editor=\"editor\" data-offset-key=\"42tmn-0-0\">\n<div class=\"public-DraftStyleDefault-block public-DraftStyleDefault-ltr\" data-offset-key=\"42tmn-0-0\"><span data-offset-key=\"42tmn-0-0\">Te <\/span><span data-offset-key=\"42tmn-0-1\">recomendamos<\/span><span data-offset-key=\"42tmn-0-2\"> llevar ropa c\u00f3moda con la que puedas realizar diversos estiramientos, calcetines anti derrapantes si es que cuentas con ellos y mucha actitud para practicar este gran m\u00e9todo. <\/span><\/div>\n<\/div>\n<div class=\"_25Ehb _3qYRK Oh89J public-DraftStyleDefault-block-depth0 public-DraftStyleDefault-text-ltr fixed-tab-size rich_content_P\" data-block=\"true\" data-editor=\"editor\" data-offset-key=\"6eob0-0-0\">\n<div class=\"public-DraftStyleDefault-block public-DraftStyleDefault-ltr\" data-offset-key=\"6eob0-0-0\"><span data-offset-key=\"6eob0-0-0\">\u00a0<\/span><\/div>\n<\/div>\n<div class=\"_25Ehb _3qYRK Oh89J public-DraftStyleDefault-block-depth0 public-DraftStyleDefault-text-ltr fixed-tab-size rich_content_P\" data-block=\"true\" data-editor=\"editor\" data-offset-key=\"cjaii-0-0\">\n<div class=\"public-DraftStyleDefault-block public-DraftStyleDefault-ltr\" data-offset-key=\"cjaii-0-0\"><span data-offset-key=\"cjaii-0-0\">\u00bfQu\u00e9 esperas para conocerlos?<\/span><span data-offset-key=\"cjaii-0-1\"> Reserva tus clases por medio de la App de Fitpass M\u00e9xico y s\u00edguenos en Facebook: Fitpass M\u00e9xico o Instagram: @Fitpassmx para estar al tanto de nuestros tips y promociones.<\/span><\/div>\n<\/div>\n<div class=\"_25Ehb _3qYRK Oh89J public-DraftStyleDefault-block-depth0 public-DraftStyleDefault-text-ltr fixed-tab-size rich_content_P\" data-block=\"true\" data-editor=\"editor\" data-offset-key=\"evq1a-0-0\">\n<div class=\"public-DraftStyleDefault-block public-DraftStyleDefault-ltr\" data-offset-key=\"evq1a-0-0\"><span data-offset-key=\"evq1a-0-0\">\u00a0<\/span><\/div>\n<\/div>\n<div class=\"_25Ehb _3qYRK Oh89J public-DraftStyleDefault-block-depth0 public-DraftStyleDefault-text-ltr fixed-tab-size rich_content_P\" data-block=\"true\" data-editor=\"editor\" data-offset-key=\"a7g44-0-0\">\n<div class=\"public-DraftStyleDefault-block public-DraftStyleDefault-ltr\" data-offset-key=\"a7g44-0-0\"><span data-offset-key=\"a7g44-0-0\">Sense Pilates Puebla | Blvd. Forjadores 1010 Loc.15, Pabell\u00f3n Forjadores. 72770 San Pedro Cholula, Mexico, Mexico| Facebook: Sense Pilates Studio | Instagram: @sensepilatesstudio<\/span><\/div>\n<\/div>\n<div class=\"_25Ehb _3qYRK Oh89J public-DraftStyleDefault-block-depth0 public-DraftStyleDefault-text-ltr fixed-tab-size rich_content_P\" data-block=\"true\" data-editor=\"editor\" data-offset-key=\"a5ugm-0-0\">\n<div class=\"public-DraftStyleDefault-block public-DraftStyleDefault-ltr\" data-offset-key=\"a5ugm-0-0\"><span data-offset-key=\"a5ugm-0-0\">\u00a0<\/span><\/div>\n<\/div>\n<div class=\"_25Ehb _3qYRK Oh89J public-DraftStyleDefault-block-depth0 public-DraftStyleDefault-text-ltr fixed-tab-size rich_content_P\" data-block=\"true\" data-editor=\"editor\" data-offset-key=\"avjif-0-0\">\n<div class=\"public-DraftStyleDefault-block public-DraftStyleDefault-ltr\" data-offset-key=\"avjif-0-0\"><span data-offset-key=\"avjif-0-0\">Por: Renata de la Paz <\/span><\/div>\n<\/div>\n<div class=\"_25Ehb _3qYRK Oh89J public-DraftStyleDefault-block-depth0 public-DraftStyleDefault-text-ltr fixed-tab-size rich_content_P\" data-block=\"true\" data-editor=\"editor\" data-offset-key=\"an01f-0-0\">\n<div class=\"public-DraftStyleDefault-block public-DraftStyleDefault-ltr\" data-offset-key=\"an01f-0-0\"><span data-offset-key=\"an01f-0-0\">\u00a0<\/span><\/div>\n<\/div>\n<div class=\"_25Ehb _3qYRK Oh89J public-DraftStyleDefault-block-depth0 public-DraftStyleDefault-text-ltr fixed-tab-size rich_content_P\" data-block=\"true\" data-editor=\"editor\" data-offset-key=\"dpj0h-0-0\">\n<div class=\"public-DraftStyleDefault-block public-DraftStyleDefault-ltr\" data-offset-key=\"dpj0h-0-0\"><span data-offset-key=\"dpj0h-0-0\">&#8212;&#8212;&#8212;&#8212;&#8212;&#8212;&#8212;&#8212;&#8212;&#8211;<\/span><\/div>\n<\/div>\n<div class=\"_25Ehb _3qYRK Oh89J public-DraftStyleDefault-block-depth0 public-DraftStyleDefault-text-ltr fixed-tab-size rich_content_P\" data-block=\"true\" data-editor=\"editor\" data-offset-key=\"2jmhi-0-0\">\n<div class=\"public-DraftStyleDefault-block public-DraftStyleDefault-ltr\" data-offset-key=\"2jmhi-0-0\"><span data-offset-key=\"2jmhi-0-0\">Renata de la Paz Mart\u00ednez de Velasco<\/span><span data-offset-key=\"2jmhi-0-1\">, es estudiante de Administraci\u00f3n y Mercadotecnia en la Universidad Panamericana. Ha trabajado en la OECD Par\u00eds y colaboradora de Soy Corredora. Apasionada del deporte, ha practicado tenis de alto rendimiento, formado parte de la selecci\u00f3n femenil de f\u00fatbol en Marymount y participante en el Marat\u00f3n Schneider Electric Paris. <\/span><\/div>\n<\/div>\n<div class=\"_25Ehb _3qYRK Oh89J public-DraftStyleDefault-block-depth0 public-DraftStyleDefault-text-ltr fixed-tab-size rich_content_P\" data-block=\"true\" data-editor=\"editor\" data-offset-key=\"b7lj-0-0\">\n<div class=\"public-DraftStyleDefault-block public-DraftStyleDefault-ltr\" data-offset-key=\"b7lj-0-0\"><span data-offset-key=\"b7lj-0-0\">Correo: <\/span><a class=\"_3Bkfb _1lsz7\" href=\"mailto:renata@fitpass.mx\" target=\"_blank\" rel=\"noopener noreferrer\" data-hook=\"linkViewer\"><span data-offset-key=\"b7lj-1-0\">renata@fitpass.mx<\/span><\/a><span data-offset-key=\"b7lj-2-0\"> Instagram: Renatadlp<\/span><\/div>\n<\/div>\n<\/div>\n","protected":false},"excerpt":{"rendered":"<p>Sense Pilates es un estudio de Pilates Reformer que te ofrece el m\u00e9todo cl\u00e1sico y contempor\u00e1neo siempre cuidando las bases [&hellip;]<\/p>\n","protected":false},"author":3,"featured_media":2520,"comment_status":"open","ping_status":"open","sticky":false,"template":"","format":"standard","meta":[],"categories":[6],"tags":[],"yoast_head":"<!-- This site is optimized with the Yoast SEO plugin v20.4 - https:\/\/yoast.com\/wordpress\/plugins\/seo\/ -->\n<title>Sense Pilates Carca\u00f1a - Blog Fitpass<\/title>\n<meta name=\"description\" content=\"Sense Pilates es un estudio de Pilates Reformer que te ofrece el m\u00e9todo cl\u00e1sico y contempor\u00e1neo siempre cuidando las bases de este y tendiendo como objetivo la mente sobre el cuerpo. Su misi\u00f3n es ense\u00f1arles a los alumnos el m\u00e9todo Pilates cl\u00e1sico y contempor\u00e1neo en Reformer. Es un estudio especializado en Pilates Reformer, sus clases tienen una duraci\u00f3n de 50 minutos donde se trabaja tren inferior y superior fortaleciendo al mismo tiempo el core. Utilizan diferentes resistencias y poleas para qu\" \/>\n<meta name=\"robots\" content=\"index, follow, max-snippet:-1, max-image-preview:large, max-video-preview:-1\" \/>\n<link rel=\"canonical\" href=\"https:\/\/www.fitpass.com\/mx\/blog\/2019\/04\/07\/sense-pilates-puebla\/\" \/>\n<meta property=\"og:locale\" content=\"es_MX\" \/>\n<meta property=\"og:type\" content=\"article\" \/>\n<meta property=\"og:title\" content=\"Sense Pilates Carca\u00f1a - Blog Fitpass\" \/>\n<meta property=\"og:description\" content=\"Sense Pilates es un estudio de Pilates Reformer que te ofrece el m\u00e9todo cl\u00e1sico y contempor\u00e1neo siempre cuidando las bases de este y tendiendo como objetivo la mente sobre el cuerpo. Su misi\u00f3n es ense\u00f1arles a los alumnos el m\u00e9todo Pilates cl\u00e1sico y contempor\u00e1neo en Reformer. Es un estudio especializado en Pilates Reformer, sus clases tienen una duraci\u00f3n de 50 minutos donde se trabaja tren inferior y superior fortaleciendo al mismo tiempo el core. Utilizan diferentes resistencias y poleas para qu\" \/>\n<meta property=\"og:url\" content=\"https:\/\/www.fitpass.com\/mx\/blog\/2019\/04\/07\/sense-pilates-puebla\/\" \/>\n<meta property=\"og:site_name\" content=\"Blog Fitpass\" \/>\n<meta property=\"article:published_time\" content=\"2019-04-07T13:37:39+00:00\" \/>\n<meta property=\"article:modified_time\" content=\"2024-06-05T19:45:53+00:00\" \/>\n<meta property=\"og:image\" content=\"https:\/\/www.fitpass.com\/mx\/blog\/wp-content\/uploads\/2022\/12\/8794f7_a285be201f3c4da68d6522134f1e83e0mv2.webp\" \/>\n\t<meta property=\"og:image:width\" content=\"568\" \/>\n\t<meta property=\"og:image:height\" content=\"399\" \/>\n\t<meta property=\"og:image:type\" content=\"image\/webp\" \/>\n<meta name=\"author\" content=\"Renata de la Paz\" \/>\n<meta name=\"twitter:card\" content=\"summary_large_image\" \/>\n<meta name=\"twitter:label1\" content=\"Escrito por\" \/>\n\t<meta name=\"twitter:data1\" content=\"Renata de la Paz\" \/>\n\t<meta name=\"twitter:label2\" content=\"Tiempo de lectura\" \/>\n\t<meta name=\"twitter:data2\" content=\"3 minutos\" \/>\n<script type=\"application\/ld+json\" class=\"yoast-schema-graph\">{\"@context\":\"https:\/\/schema.org\",\"@graph\":[{\"@type\":\"WebPage\",\"@id\":\"https:\/\/www.fitpass.com\/mx\/blog\/2019\/04\/07\/sense-pilates-puebla\/\",\"url\":\"https:\/\/www.fitpass.com\/mx\/blog\/2019\/04\/07\/sense-pilates-puebla\/\",\"name\":\"Sense Pilates Carca\u00f1a - Blog Fitpass\",\"isPartOf\":{\"@id\":\"https:\/\/www.fitpass.com\/mx\/blog\/#website\"},\"datePublished\":\"2019-04-07T13:37:39+00:00\",\"dateModified\":\"2024-06-05T19:45:53+00:00\",\"author\":{\"@id\":\"https:\/\/www.fitpass.com\/mx\/blog\/#\/schema\/person\/140af7b177bbc617b85cef1b4a1b72ab\"},\"description\":\"Sense Pilates es un estudio de Pilates Reformer que te ofrece el m\u00e9todo cl\u00e1sico y contempor\u00e1neo siempre cuidando las bases de este y tendiendo como objetivo la mente sobre el cuerpo. Su misi\u00f3n es ense\u00f1arles a los alumnos el m\u00e9todo Pilates cl\u00e1sico y contempor\u00e1neo en Reformer. Es un estudio especializado en Pilates Reformer, sus clases tienen una duraci\u00f3n de 50 minutos donde se trabaja tren inferior y superior fortaleciendo al mismo tiempo el core. Utilizan diferentes resistencias y poleas para qu\",\"breadcrumb\":{\"@id\":\"https:\/\/www.fitpass.com\/mx\/blog\/2019\/04\/07\/sense-pilates-puebla\/#breadcrumb\"},\"inLanguage\":\"es-MX\",\"potentialAction\":[{\"@type\":\"ReadAction\",\"target\":[\"https:\/\/www.fitpass.com\/mx\/blog\/2019\/04\/07\/sense-pilates-puebla\/\"]}]},{\"@type\":\"BreadcrumbList\",\"@id\":\"https:\/\/www.fitpass.com\/mx\/blog\/2019\/04\/07\/sense-pilates-puebla\/#breadcrumb\",\"itemListElement\":[{\"@type\":\"ListItem\",\"position\":1,\"name\":\"Inicio\",\"item\":\"https:\/\/www.fitpass.com\/mx\/blog\/\"},{\"@type\":\"ListItem\",\"position\":2,\"name\":\"Sense Pilates Carca\u00f1a\"}]},{\"@type\":\"WebSite\",\"@id\":\"https:\/\/www.fitpass.com\/mx\/blog\/#website\",\"url\":\"https:\/\/www.fitpass.com\/mx\/blog\/\",\"name\":\"Blog Fitpass\",\"description\":\"\",\"potentialAction\":[{\"@type\":\"SearchAction\",\"target\":{\"@type\":\"EntryPoint\",\"urlTemplate\":\"https:\/\/www.fitpass.com\/mx\/blog\/?s={search_term_string}\"},\"query-input\":\"required name=search_term_string\"}],\"inLanguage\":\"es-MX\"},{\"@type\":\"Person\",\"@id\":\"https:\/\/www.fitpass.com\/mx\/blog\/#\/schema\/person\/140af7b177bbc617b85cef1b4a1b72ab\",\"name\":\"Renata de la Paz\",\"image\":{\"@type\":\"ImageObject\",\"inLanguage\":\"es-MX\",\"@id\":\"https:\/\/www.fitpass.com\/mx\/blog\/#\/schema\/person\/image\/\",\"url\":\"https:\/\/secure.gravatar.com\/avatar\/16f31051b3c942ed343c4adf1b2e7683?s=96&d=mm&r=g\",\"contentUrl\":\"https:\/\/secure.gravatar.com\/avatar\/16f31051b3c942ed343c4adf1b2e7683?s=96&d=mm&r=g\",\"caption\":\"Renata de la Paz\"},\"url\":\"https:\/\/www.fitpass.com\/mx\/blog\/author\/renata-de-la-paz\/\"}]}<\/script>\n<!-- \/ Yoast SEO plugin. -->","yoast_head_json":{"title":"Sense Pilates Carca\u00f1a - Blog Fitpass","description":"Sense Pilates es un estudio de Pilates Reformer que te ofrece el m\u00e9todo cl\u00e1sico y contempor\u00e1neo siempre cuidando las bases de este y tendiendo como objetivo la mente sobre el cuerpo. Su misi\u00f3n es ense\u00f1arles a los alumnos el m\u00e9todo Pilates cl\u00e1sico y contempor\u00e1neo en Reformer. Es un estudio especializado en Pilates Reformer, sus clases tienen una duraci\u00f3n de 50 minutos donde se trabaja tren inferior y superior fortaleciendo al mismo tiempo el core. Utilizan diferentes resistencias y poleas para qu","robots":{"index":"index","follow":"follow","max-snippet":"max-snippet:-1","max-image-preview":"max-image-preview:large","max-video-preview":"max-video-preview:-1"},"canonical":"https:\/\/www.fitpass.com\/mx\/blog\/2019\/04\/07\/sense-pilates-puebla\/","og_locale":"es_MX","og_type":"article","og_title":"Sense Pilates Carca\u00f1a - Blog Fitpass","og_description":"Sense Pilates es un estudio de Pilates Reformer que te ofrece el m\u00e9todo cl\u00e1sico y contempor\u00e1neo siempre cuidando las bases de este y tendiendo como objetivo la mente sobre el cuerpo. Su misi\u00f3n es ense\u00f1arles a los alumnos el m\u00e9todo Pilates cl\u00e1sico y contempor\u00e1neo en Reformer. Es un estudio especializado en Pilates Reformer, sus clases tienen una duraci\u00f3n de 50 minutos donde se trabaja tren inferior y superior fortaleciendo al mismo tiempo el core. Utilizan diferentes resistencias y poleas para qu","og_url":"https:\/\/www.fitpass.com\/mx\/blog\/2019\/04\/07\/sense-pilates-puebla\/","og_site_name":"Blog Fitpass","article_published_time":"2019-04-07T13:37:39+00:00","article_modified_time":"2024-06-05T19:45:53+00:00","og_image":[{"width":568,"height":399,"url":"https:\/\/www.fitpass.com\/mx\/blog\/wp-content\/uploads\/2022\/12\/8794f7_a285be201f3c4da68d6522134f1e83e0mv2.webp","type":"image\/webp"}],"author":"Renata de la Paz","twitter_card":"summary_large_image","twitter_misc":{"Escrito por":"Renata de la Paz","Tiempo de lectura":"3 minutos"},"schema":{"@context":"https:\/\/schema.org","@graph":[{"@type":"WebPage","@id":"https:\/\/www.fitpass.com\/mx\/blog\/2019\/04\/07\/sense-pilates-puebla\/","url":"https:\/\/www.fitpass.com\/mx\/blog\/2019\/04\/07\/sense-pilates-puebla\/","name":"Sense Pilates Carca\u00f1a - Blog Fitpass","isPartOf":{"@id":"https:\/\/www.fitpass.com\/mx\/blog\/#website"},"datePublished":"2019-04-07T13:37:39+00:00","dateModified":"2024-06-05T19:45:53+00:00","author":{"@id":"https:\/\/www.fitpass.com\/mx\/blog\/#\/schema\/person\/140af7b177bbc617b85cef1b4a1b72ab"},"description":"Sense Pilates es un estudio de Pilates Reformer que te ofrece el m\u00e9todo cl\u00e1sico y contempor\u00e1neo siempre cuidando las bases de este y tendiendo como objetivo la mente sobre el cuerpo. Su misi\u00f3n es ense\u00f1arles a los alumnos el m\u00e9todo Pilates cl\u00e1sico y contempor\u00e1neo en Reformer. Es un estudio especializado en Pilates Reformer, sus clases tienen una duraci\u00f3n de 50 minutos donde se trabaja tren inferior y superior fortaleciendo al mismo tiempo el core. Utilizan diferentes resistencias y poleas para qu","breadcrumb":{"@id":"https:\/\/www.fitpass.com\/mx\/blog\/2019\/04\/07\/sense-pilates-puebla\/#breadcrumb"},"inLanguage":"es-MX","potentialAction":[{"@type":"ReadAction","target":["https:\/\/www.fitpass.com\/mx\/blog\/2019\/04\/07\/sense-pilates-puebla\/"]}]},{"@type":"BreadcrumbList","@id":"https:\/\/www.fitpass.com\/mx\/blog\/2019\/04\/07\/sense-pilates-puebla\/#breadcrumb","itemListElement":[{"@type":"ListItem","position":1,"name":"Inicio","item":"https:\/\/www.fitpass.com\/mx\/blog\/"},{"@type":"ListItem","position":2,"name":"Sense Pilates Carca\u00f1a"}]},{"@type":"WebSite","@id":"https:\/\/www.fitpass.com\/mx\/blog\/#website","url":"https:\/\/www.fitpass.com\/mx\/blog\/","name":"Blog Fitpass","description":"","potentialAction":[{"@type":"SearchAction","target":{"@type":"EntryPoint","urlTemplate":"https:\/\/www.fitpass.com\/mx\/blog\/?s={search_term_string}"},"query-input":"required name=search_term_string"}],"inLanguage":"es-MX"},{"@type":"Person","@id":"https:\/\/www.fitpass.com\/mx\/blog\/#\/schema\/person\/140af7b177bbc617b85cef1b4a1b72ab","name":"Renata de la Paz","image":{"@type":"ImageObject","inLanguage":"es-MX","@id":"https:\/\/www.fitpass.com\/mx\/blog\/#\/schema\/person\/image\/","url":"https:\/\/secure.gravatar.com\/avatar\/16f31051b3c942ed343c4adf1b2e7683?s=96&d=mm&r=g","contentUrl":"https:\/\/secure.gravatar.com\/avatar\/16f31051b3c942ed343c4adf1b2e7683?s=96&d=mm&r=g","caption":"Renata de la Paz"},"url":"https:\/\/www.fitpass.com\/mx\/blog\/author\/renata-de-la-paz\/"}]}},"_links":{"self":[{"href":"https:\/\/www.fitpass.com\/mx\/blog\/wp-json\/wp\/v2\/posts\/2518"}],"collection":[{"href":"https:\/\/www.fitpass.com\/mx\/blog\/wp-json\/wp\/v2\/posts"}],"about":[{"href":"https:\/\/www.fitpass.com\/mx\/blog\/wp-json\/wp\/v2\/types\/post"}],"author":[{"embeddable":true,"href":"https:\/\/www.fitpass.com\/mx\/blog\/wp-json\/wp\/v2\/users\/3"}],"replies":[{"embeddable":true,"href":"https:\/\/www.fitpass.com\/mx\/blog\/wp-json\/wp\/v2\/comments?post=2518"}],"version-history":[{"count":2,"href":"https:\/\/www.fitpass.com\/mx\/blog\/wp-json\/wp\/v2\/posts\/2518\/revisions"}],"predecessor-version":[{"id":10493,"href":"https:\/\/www.fitpass.com\/mx\/blog\/wp-json\/wp\/v2\/posts\/2518\/revisions\/10493"}],"wp:featuredmedia":[{"embeddable":true,"href":"https:\/\/www.fitpass.com\/mx\/blog\/wp-json\/wp\/v2\/media\/2520"}],"wp:attachment":[{"href":"https:\/\/www.fitpass.com\/mx\/blog\/wp-json\/wp\/v2\/media?parent=2518"}],"wp:term":[{"taxonomy":"category","embeddable":true,"href":"https:\/\/www.fitpass.com\/mx\/blog\/wp-json\/wp\/v2\/categories?post=2518"},{"taxonomy":"post_tag","embeddable":true,"href":"https:\/\/www.fitpass.com\/mx\/blog\/wp-json\/wp\/v2\/tags?post=2518"}],"curies":[{"name":"wp","href":"https:\/\/api.w.org\/{rel}","templated":true}]}}