{"id":3390,"date":"2019-07-17T15:34:25","date_gmt":"2019-07-17T15:34:25","guid":{"rendered":"http:\/\/localhost:8888\/fitpass\/?p=3390"},"modified":"2023-01-05T15:33:31","modified_gmt":"2023-01-05T15:33:31","slug":"la-copa-mexicana-de-yoga","status":"publish","type":"post","link":"https:\/\/www.fitpass.com\/mx\/blog\/2019\/07\/17\/la-copa-mexicana-de-yoga\/","title":{"rendered":"La Copa Mexicana de Yoga"},"content":{"rendered":"<div data-draftjs-conductor-fragment=\"{&quot;blocks&quot;:[{&quot;key&quot;:&quot;1hr8c&quot;,&quot;text&quot;:&quot;  &quot;,&quot;type&quot;:&quot;unstyled&quot;,&quot;depth&quot;:0,&quot;inlineStyleRanges&quot;:[],&quot;entityRanges&quot;:[],&quot;data&quot;:{}},{&quot;key&quot;:&quot;9bvsp&quot;,&quot;text&quot;:&quot;\u00bfSab\u00edas que los campeonatos o competencias de yoga se realizan regularmente desde tiempos inmemoriales en India? &quot;,&quot;type&quot;:&quot;unstyled&quot;,&quot;depth&quot;:0,&quot;inlineStyleRanges&quot;:[],&quot;entityRanges&quot;:[],&quot;data&quot;:{}},{&quot;key&quot;:&quot;5lv8p&quot;,&quot;text&quot;:&quot;&quot;,&quot;type&quot;:&quot;unstyled&quot;,&quot;depth&quot;:0,&quot;inlineStyleRanges&quot;:[],&quot;entityRanges&quot;:[],&quot;data&quot;:{}},{&quot;key&quot;:&quot;5gotv&quot;,&quot;text&quot;:&quot; &quot;,&quot;type&quot;:&quot;atomic&quot;,&quot;depth&quot;:0,&quot;inlineStyleRanges&quot;:[],&quot;entityRanges&quot;:[{&quot;offset&quot;:0,&quot;length&quot;:1,&quot;key&quot;:0}],&quot;data&quot;:{}},{&quot;key&quot;:&quot;93hdh&quot;,&quot;text&quot;:&quot;&quot;,&quot;type&quot;:&quot;unstyled&quot;,&quot;depth&quot;:0,&quot;inlineStyleRanges&quot;:[],&quot;entityRanges&quot;:[],&quot;data&quot;:{}},{&quot;key&quot;:&quot;6mvit&quot;,&quot;text&quot;:&quot;El esp\u00edritu competitivo est\u00e1 presente en el Bhagavad Gita y ha inspirado a los organizadores a continuar realiz\u00e1ndolas hasta nuestros d\u00edas. En Am\u00e9rica, todo comenz\u00f3 en el 2003, por iniciativa de Bikram Choudhury y Rajashree Choudhury, quienes organizaron la Copa de Yoga Bishnu Charan Ghosh, en honor al gur\u00fa de ambos y hermano de Paramahansa Yogananda. Constituyeron la International Yoga Sports Federation, que ahora es presidida por el mexicano Ulises Calatayud, con sede en Lausanne, Suiza. &quot;,&quot;type&quot;:&quot;unstyled&quot;,&quot;depth&quot;:0,&quot;inlineStyleRanges&quot;:[{&quot;offset&quot;:0,&quot;length&quot;:139,&quot;style&quot;:&quot;BOLD&quot;}],&quot;entityRanges&quot;:[],&quot;data&quot;:{}},{&quot;key&quot;:&quot;6l1vg&quot;,&quot;text&quot;:&quot;&quot;,&quot;type&quot;:&quot;unstyled&quot;,&quot;depth&quot;:0,&quot;inlineStyleRanges&quot;:[],&quot;entityRanges&quot;:[],&quot;data&quot;:{}},{&quot;key&quot;:&quot;6glmf&quot;,&quot;text&quot;:&quot;Hablar de yoga competitivo es indudablemente controversial. Hay quienes consideran que la pr\u00e1ctica de yoga es, por definici\u00f3n, opuesta a la competencia. Y hay quienes consideran v\u00e1lidos los argumentos de quienes defienden la integraci\u00f3n de eventos competitivos en el marco de una disciplina como Yoga. &quot;,&quot;type&quot;:&quot;unstyled&quot;,&quot;depth&quot;:0,&quot;inlineStyleRanges&quot;:[{&quot;offset&quot;:0,&quot;length&quot;:59,&quot;style&quot;:&quot;BOLD&quot;}],&quot;entityRanges&quot;:[],&quot;data&quot;:{}},{&quot;key&quot;:&quot;6cq21&quot;,&quot;text&quot;:&quot;&quot;,&quot;type&quot;:&quot;unstyled&quot;,&quot;depth&quot;:0,&quot;inlineStyleRanges&quot;:[],&quot;entityRanges&quot;:[],&quot;data&quot;:{}},{&quot;key&quot;:&quot;4ru94&quot;,&quot;text&quot;:&quot;Las competencias funcionan como eventos que nos ayudan a acercar a m\u00e1s y m\u00e1s personas a la pr\u00e1ctica de yoga. Tambi\u00e9n, y sobre todo, funcionan como herramienta personal de transformaci\u00f3n. &quot;,&quot;type&quot;:&quot;unstyled&quot;,&quot;depth&quot;:0,&quot;inlineStyleRanges&quot;:[{&quot;offset&quot;:0,&quot;length&quot;:107,&quot;style&quot;:&quot;BOLD&quot;}],&quot;entityRanges&quot;:[],&quot;data&quot;:{}},{&quot;key&quot;:&quot;dfbh2&quot;,&quot;text&quot;:&quot;&quot;,&quot;type&quot;:&quot;unstyled&quot;,&quot;depth&quot;:0,&quot;inlineStyleRanges&quot;:[],&quot;entityRanges&quot;:[],&quot;data&quot;:{}},{&quot;key&quot;:&quot;b8uod&quot;,&quot;text&quot;:&quot;En M\u00e9xico existe la Copa Mexicana de Yoga, que empez\u00f3 a realizarse desde el 2010 y est\u00e1 pr\u00f3xima a tener su s\u00e9ptima edici\u00f3n.&quot;,&quot;type&quot;:&quot;unstyled&quot;,&quot;depth&quot;:0,&quot;inlineStyleRanges&quot;:[],&quot;entityRanges&quot;:[],&quot;data&quot;:{}},{&quot;key&quot;:&quot;46tfu&quot;,&quot;text&quot;:&quot;&quot;,&quot;type&quot;:&quot;unstyled&quot;,&quot;depth&quot;:0,&quot;inlineStyleRanges&quot;:[],&quot;entityRanges&quot;:[],&quot;data&quot;:{}},{&quot;key&quot;:&quot;fecj4&quot;,&quot;text&quot;:&quot; &quot;,&quot;type&quot;:&quot;atomic&quot;,&quot;depth&quot;:0,&quot;inlineStyleRanges&quot;:[],&quot;entityRanges&quot;:[{&quot;offset&quot;:0,&quot;length&quot;:1,&quot;key&quot;:1}],&quot;data&quot;:{}},{&quot;key&quot;:&quot;8jp99&quot;,&quot;text&quot;:&quot;&quot;,&quot;type&quot;:&quot;unstyled&quot;,&quot;depth&quot;:0,&quot;inlineStyleRanges&quot;:[],&quot;entityRanges&quot;:[],&quot;data&quot;:{}},{&quot;key&quot;:&quot;d0hpi&quot;,&quot;text&quot;:&quot;Prepararnos para la Copa nos invita a explorar en los l\u00edmites de nuestra capacidad f\u00edsica y de nuestra disciplina personal, a ser m\u00e1s constantes, m\u00e1s entregados a la pr\u00e1ctica, a cuidar nuestra alimentaci\u00f3n y h\u00e1bitos, a pensarlo dos veces antes de ponernos en situaciones de riesgo. En los entrenamientos, conocemos a personas incre\u00edbles, inspiradoras, que han logrado lo que jam\u00e1s imaginaron, que tambi\u00e9n est\u00e1n luchando consigo mismos para superar su ego y estar en paz con su realidad presente, al mismo tiempo que intentan ser cada vez mejores en lo que hacen.&quot;,&quot;type&quot;:&quot;unstyled&quot;,&quot;depth&quot;:0,&quot;inlineStyleRanges&quot;:[{&quot;offset&quot;:439,&quot;length&quot;:123,&quot;style&quot;:&quot;BOLD&quot;}],&quot;entityRanges&quot;:[],&quot;data&quot;:{}},{&quot;key&quot;:&quot;c2hlo&quot;,&quot;text&quot;:&quot;&quot;,&quot;type&quot;:&quot;unstyled&quot;,&quot;depth&quot;:0,&quot;inlineStyleRanges&quot;:[],&quot;entityRanges&quot;:[],&quot;data&quot;:{}},{&quot;key&quot;:&quot;7bmve&quot;,&quot;text&quot;:&quot;Decimos que practicamos para estar en paz en situaciones adversas; pues bien, pocas lo son tanto como una habitaci\u00f3n fr\u00eda (usualmente), con cientos de personas cargadas de expectativas y con miradas pendientes del m\u00e1s m\u00ednimo error (y c\u00e1maras para inmortalizarlos). &quot;,&quot;type&quot;:&quot;unstyled&quot;,&quot;depth&quot;:0,&quot;inlineStyleRanges&quot;:[{&quot;offset&quot;:0,&quot;length&quot;:65,&quot;style&quot;:&quot;BOLD&quot;}],&quot;entityRanges&quot;:[],&quot;data&quot;:{}},{&quot;key&quot;:&quot;eu1i&quot;,&quot;text&quot;:&quot;&quot;,&quot;type&quot;:&quot;unstyled&quot;,&quot;depth&quot;:0,&quot;inlineStyleRanges&quot;:[],&quot;entityRanges&quot;:[],&quot;data&quot;:{}},{&quot;key&quot;:&quot;2jedr&quot;,&quot;text&quot;:&quot;Es profundamente interesante observar todo lo que nos pasa en los 3 minutos que dura la ejecuci\u00f3n de la rutina de posturas en la Copa, los pensamientos que intentan colarse, el cuerpo que a veces no responde como quisi\u00e9ramos. &quot;,&quot;type&quot;:&quot;unstyled&quot;,&quot;depth&quot;:0,&quot;inlineStyleRanges&quot;:[],&quot;entityRanges&quot;:[],&quot;data&quot;:{}},{&quot;key&quot;:&quot;3vkpf&quot;,&quot;text&quot;:&quot;&quot;,&quot;type&quot;:&quot;unstyled&quot;,&quot;depth&quot;:0,&quot;inlineStyleRanges&quot;:[],&quot;entityRanges&quot;:[],&quot;data&quot;:{}},{&quot;key&quot;:&quot;dh322&quot;,&quot;text&quot;:&quot;La participaci\u00f3n en la Copa Mexicana de Yoga es una celebraci\u00f3n del instante presente, nom\u00e1s por ser y estar, m\u00e1s all\u00e1 de tus capacidades f\u00edsicas. Las competencias pueden ser un detonante para que asumas con mayor fervor tu pr\u00e1ctica, no a trav\u00e9s de entrenamientos intensivos de dos meses previos a las competencias, seguidos de per\u00edodos de inconstancia y abandono, sino con una pr\u00e1ctica continua, disciplinada, enfocada en el reconocimiento del instante presente del cuerpo y de la mente.&quot;,&quot;type&quot;:&quot;unstyled&quot;,&quot;depth&quot;:0,&quot;inlineStyleRanges&quot;:[{&quot;offset&quot;:147,&quot;length&quot;:85,&quot;style&quot;:&quot;BOLD&quot;},{&quot;offset&quot;:374,&quot;length&quot;:114,&quot;style&quot;:&quot;BOLD&quot;}],&quot;entityRanges&quot;:[],&quot;data&quot;:{}},{&quot;key&quot;:&quot;9bmuc&quot;,&quot;text&quot;:&quot;&quot;,&quot;type&quot;:&quot;unstyled&quot;,&quot;depth&quot;:0,&quot;inlineStyleRanges&quot;:[],&quot;entityRanges&quot;:[],&quot;data&quot;:{}},{&quot;key&quot;:&quot;8q7ma&quot;,&quot;text&quot;:&quot;\u00a1Participa en la 7\u00aa Copa Mexicana de Yoga! Inscr\u00edbete ya en:&quot;,&quot;type&quot;:&quot;unstyled&quot;,&quot;depth&quot;:0,&quot;inlineStyleRanges&quot;:[],&quot;entityRanges&quot;:[],&quot;data&quot;:{}},{&quot;key&quot;:&quot;ed1d8&quot;,&quot;text&quot;:&quot;www.eventbrite.com.mx\/e\/7a-copa-mexicana-de-yoga-registro-competidores-registration-63586613272&quot;,&quot;type&quot;:&quot;unstyled&quot;,&quot;depth&quot;:0,&quot;inlineStyleRanges&quot;:[{&quot;offset&quot;:0,&quot;length&quot;:95,&quot;style&quot;:&quot;UNDERLINE&quot;}],&quot;entityRanges&quot;:[{&quot;offset&quot;:0,&quot;length&quot;:95,&quot;key&quot;:2}],&quot;data&quot;:{}},{&quot;key&quot;:&quot;6c5bi&quot;,&quot;text&quot;:&quot;&quot;,&quot;type&quot;:&quot;unstyled&quot;,&quot;depth&quot;:0,&quot;inlineStyleRanges&quot;:[],&quot;entityRanges&quot;:[],&quot;data&quot;:{}},{&quot;key&quot;:&quot;d5pqb&quot;,&quot;text&quot;:&quot;Este evento tendr\u00e1 lugar el pr\u00f3ximo 7 de septiembre de 2019 en el Gimnasio Ol\u00edmpico Juan de la Barrera. \u00a1No te lo puedes perder!&quot;,&quot;type&quot;:&quot;unstyled&quot;,&quot;depth&quot;:0,&quot;inlineStyleRanges&quot;:[{&quot;offset&quot;:0,&quot;length&quot;:128,&quot;style&quot;:&quot;BOLD&quot;}],&quot;entityRanges&quot;:[],&quot;data&quot;:{}}],&quot;entityMap&quot;:{&quot;0&quot;:{&quot;type&quot;:&quot;wix-draft-plugin-image&quot;,&quot;mutability&quot;:&quot;IMMUTABLE&quot;,&quot;data&quot;:{&quot;config&quot;:{&quot;alignment&quot;:&quot;left&quot;,&quot;size&quot;:&quot;small&quot;,&quot;showTitle&quot;:true,&quot;showDescription&quot;:true,&quot;textWrap&quot;:&quot;wrap&quot;},&quot;src&quot;:{&quot;id&quot;:&quot;21b498_1d17de78f9604f779faac63487c2d5de~mv2.jpeg&quot;,&quot;original_file_name&quot;:&quot;21b498_1d17de78f9604f779faac63487c2d5de~mv2.jpeg&quot;,&quot;file_name&quot;:&quot;21b498_1d17de78f9604f779faac63487c2d5de~mv2.jpeg&quot;,&quot;width&quot;:1280,&quot;height&quot;:1158}}},&quot;1&quot;:{&quot;type&quot;:&quot;wix-draft-plugin-image&quot;,&quot;mutability&quot;:&quot;IMMUTABLE&quot;,&quot;data&quot;:{&quot;config&quot;:{&quot;alignment&quot;:&quot;center&quot;,&quot;size&quot;:&quot;content&quot;,&quot;showTitle&quot;:true,&quot;showDescription&quot;:true,&quot;textWrap&quot;:&quot;wrap&quot;},&quot;src&quot;:{&quot;id&quot;:&quot;21b498_1a1e5acca9bd4106851d70fdac565a48~mv2.jpg&quot;,&quot;original_file_name&quot;:&quot;21b498_1a1e5acca9bd4106851d70fdac565a48~mv2.jpg&quot;,&quot;file_name&quot;:&quot;21b498_1a1e5acca9bd4106851d70fdac565a48~mv2.jpg&quot;,&quot;width&quot;:720,&quot;height&quot;:576}}},&quot;2&quot;:{&quot;type&quot;:&quot;LINK&quot;,&quot;mutability&quot;:&quot;MUTABLE&quot;,&quot;data&quot;:{&quot;target&quot;:&quot;_blank&quot;,&quot;rel&quot;:&quot;&quot;,&quot;href&quot;:&quot;http:\/\/www.eventbrite.com.mx\/e\/7a-copa-mexicana-de-yoga-registro-competidores-registration-63586613272&quot;,&quot;url&quot;:&quot;http:\/\/www.eventbrite.com.mx\/e\/7a-copa-mexicana-de-yoga-registro-competidores-registration-63586613272&quot;}}},&quot;VERSION&quot;:&quot;9.3.6&quot;}\">\n<div class=\"_25Ehb _3qYRK Oh89J public-DraftStyleDefault-block-depth0 public-DraftStyleDefault-text-ltr fixed-tab-size rich_content_P\" data-block=\"true\" data-editor=\"editor\" data-offset-key=\"foo-0-0\">\n<div class=\"public-DraftStyleDefault-block public-DraftStyleDefault-ltr\" data-offset-key=\"foo-0-0\"><\/div>\n<\/div>\n<div class=\"_25Ehb _3qYRK Oh89J public-DraftStyleDefault-block-depth0 public-DraftStyleDefault-text-ltr fixed-tab-size rich_content_P\" data-block=\"true\" data-editor=\"editor\" data-offset-key=\"41mhm-0-0\">\n<div class=\"public-DraftStyleDefault-block public-DraftStyleDefault-ltr\" data-offset-key=\"41mhm-0-0\"><span data-offset-key=\"41mhm-0-0\">\u00bfSab\u00edas que los campeonatos o competencias de yoga se realizan regularmente desde tiempos inmemoriales en India? <\/span><\/div>\n<\/div>\n<div class=\"_25Ehb _3qYRK Oh89J public-DraftStyleDefault-block-depth0 public-DraftStyleDefault-text-ltr fixed-tab-size rich_content_P\" data-block=\"true\" data-editor=\"editor\" data-offset-key=\"brghp-0-0\">\n<div class=\"public-DraftStyleDefault-block public-DraftStyleDefault-ltr\" data-offset-key=\"brghp-0-0\"><span data-offset-key=\"brghp-0-0\">\u00a0<\/span><\/div>\n<\/div>\n<div class=\"_25Ehb _3qYRK Oh89J public-DraftStyleDefault-block-depth0 public-DraftStyleDefault-text-ltr fixed-tab-size rich_content_P\" data-block=\"true\" data-editor=\"editor\" data-offset-key=\"7j4eo-0-0\">\n<div class=\"public-DraftStyleDefault-block public-DraftStyleDefault-ltr\" data-offset-key=\"7j4eo-0-0\"><span data-offset-key=\"7j4eo-0-0\">El esp\u00edritu competitivo est\u00e1 presente en el Bhagavad Gita y ha inspirado a los organizadores a continuar realiz\u00e1ndolas hasta nuestros d\u00edas.<\/span><span data-offset-key=\"7j4eo-0-1\"> En Am\u00e9rica, todo comenz\u00f3 en el 2003, por iniciativa de Bikram Choudhury y Rajashree Choudhury, quienes organizaron la Copa de Yoga Bishnu Charan Ghosh, en honor al gur\u00fa de ambos y hermano de Paramahansa Yogananda. Constituyeron la International Yoga Sports Federation, que ahora es presidida por el mexicano Ulises Calatayud, con sede en Lausanne, Suiza. <\/span><\/div>\n<\/div>\n<div class=\"_25Ehb _3qYRK Oh89J public-DraftStyleDefault-block-depth0 public-DraftStyleDefault-text-ltr fixed-tab-size rich_content_P\" data-block=\"true\" data-editor=\"editor\" data-offset-key=\"7a88i-0-0\">\n<div class=\"public-DraftStyleDefault-block public-DraftStyleDefault-ltr\" data-offset-key=\"7a88i-0-0\"><span data-offset-key=\"7a88i-0-0\">\u00a0<\/span><\/div>\n<\/div>\n<div class=\"_25Ehb _3qYRK Oh89J public-DraftStyleDefault-block-depth0 public-DraftStyleDefault-text-ltr fixed-tab-size rich_content_P\" data-block=\"true\" data-editor=\"editor\" data-offset-key=\"fmkot-0-0\">\n<div class=\"public-DraftStyleDefault-block public-DraftStyleDefault-ltr\" data-offset-key=\"fmkot-0-0\"><span data-offset-key=\"fmkot-0-0\">Hablar de yoga competitivo es indudablemente controversial.<\/span><span data-offset-key=\"fmkot-0-1\"> Hay quienes consideran que la pr\u00e1ctica de yoga es, por definici\u00f3n, opuesta a la competencia. Y hay quienes consideran v\u00e1lidos los argumentos de quienes defienden la integraci\u00f3n de eventos competitivos en el marco de una disciplina como Yoga. <\/span><\/div>\n<\/div>\n<div class=\"_25Ehb _3qYRK Oh89J public-DraftStyleDefault-block-depth0 public-DraftStyleDefault-text-ltr fixed-tab-size rich_content_P\" data-block=\"true\" data-editor=\"editor\" data-offset-key=\"b7fso-0-0\">\n<div class=\"public-DraftStyleDefault-block public-DraftStyleDefault-ltr\" data-offset-key=\"b7fso-0-0\"><span data-offset-key=\"b7fso-0-0\">\u00a0<\/span><\/div>\n<\/div>\n<div class=\"_25Ehb _3qYRK Oh89J public-DraftStyleDefault-block-depth0 public-DraftStyleDefault-text-ltr fixed-tab-size rich_content_P\" data-block=\"true\" data-editor=\"editor\" data-offset-key=\"r7qt-0-0\">\n<div class=\"public-DraftStyleDefault-block public-DraftStyleDefault-ltr\" data-offset-key=\"r7qt-0-0\"><span data-offset-key=\"r7qt-0-0\">Las competencias funcionan como eventos que nos ayudan a acercar a m\u00e1s y m\u00e1s personas a la pr\u00e1ctica de yoga<\/span><span data-offset-key=\"r7qt-0-1\">. Tambi\u00e9n, y sobre todo, funcionan como herramienta personal de transformaci\u00f3n. <\/span><\/div>\n<\/div>\n<div class=\"_25Ehb _3qYRK Oh89J public-DraftStyleDefault-block-depth0 public-DraftStyleDefault-text-ltr fixed-tab-size rich_content_P\" data-block=\"true\" data-editor=\"editor\" data-offset-key=\"4rfo0-0-0\">\n<div class=\"public-DraftStyleDefault-block public-DraftStyleDefault-ltr\" data-offset-key=\"4rfo0-0-0\"><span data-offset-key=\"4rfo0-0-0\">\u00a0<\/span><\/div>\n<\/div>\n<div class=\"_25Ehb _3qYRK Oh89J public-DraftStyleDefault-block-depth0 public-DraftStyleDefault-text-ltr fixed-tab-size rich_content_P\" data-block=\"true\" data-editor=\"editor\" data-offset-key=\"3ukop-0-0\">\n<div class=\"public-DraftStyleDefault-block public-DraftStyleDefault-ltr\" data-offset-key=\"3ukop-0-0\"><span data-offset-key=\"3ukop-0-0\">En M\u00e9xico existe la Copa Mexicana de Yoga, que empez\u00f3 a realizarse desde el 2010 y est\u00e1 pr\u00f3xima a tener su s\u00e9ptima edici\u00f3n.<\/span><\/div>\n<div data-offset-key=\"3ukop-0-0\"><\/div>\n<\/div>\n<div class=\"_25Ehb _3qYRK Oh89J public-DraftStyleDefault-block-depth0 public-DraftStyleDefault-text-ltr fixed-tab-size rich_content_P\" data-block=\"true\" data-editor=\"editor\" data-offset-key=\"4b6fl-0-0\">\n<div class=\"public-DraftStyleDefault-block public-DraftStyleDefault-ltr\" data-offset-key=\"4b6fl-0-0\"><span data-offset-key=\"4b6fl-0-0\"><img decoding=\"async\" class=\"alignnone size-full wp-image-3391\" src=\"http:\/\/amak.mx\/fitpass\/wp-content\/uploads\/2022\/12\/21b498_1a1e5acca9bd4106851d70fdac565a48mv2.webp\" alt=\"\" width=\"720\" height=\"576\" \/><\/span><\/div>\n<div data-offset-key=\"4b6fl-0-0\"><\/div>\n<\/div>\n<div class=\"_25Ehb _3qYRK Oh89J public-DraftStyleDefault-block-depth0 public-DraftStyleDefault-text-ltr fixed-tab-size rich_content_P\" data-block=\"true\" data-editor=\"editor\" data-offset-key=\"7ofds-0-0\">\n<div class=\"public-DraftStyleDefault-block public-DraftStyleDefault-ltr\" data-offset-key=\"7ofds-0-0\"><span data-offset-key=\"7ofds-0-0\">Prepararnos para la Copa nos invita a explorar en los l\u00edmites de nuestra capacidad f\u00edsica y de nuestra disciplina personal, a ser m\u00e1s constantes, m\u00e1s entregados a la pr\u00e1ctica, a cuidar nuestra alimentaci\u00f3n y h\u00e1bitos, a pensarlo dos veces antes de ponernos en situaciones de riesgo. En los entrenamientos, conocemos a personas incre\u00edbles, inspiradoras, que han logrado lo que jam\u00e1s imaginaron, que tambi\u00e9n est\u00e1n luchando consigo mismos para<\/span><span data-offset-key=\"7ofds-0-1\"> superar su ego y estar en paz con su realidad presente, al mismo tiempo que intentan ser cada vez mejores en lo que hacen.<\/span><\/div>\n<\/div>\n<div class=\"_25Ehb _3qYRK Oh89J public-DraftStyleDefault-block-depth0 public-DraftStyleDefault-text-ltr fixed-tab-size rich_content_P\" data-block=\"true\" data-editor=\"editor\" data-offset-key=\"avc7t-0-0\">\n<div class=\"public-DraftStyleDefault-block public-DraftStyleDefault-ltr\" data-offset-key=\"avc7t-0-0\"><span data-offset-key=\"avc7t-0-0\">\u00a0<\/span><\/div>\n<\/div>\n<div class=\"_25Ehb _3qYRK Oh89J public-DraftStyleDefault-block-depth0 public-DraftStyleDefault-text-ltr fixed-tab-size rich_content_P\" data-block=\"true\" data-editor=\"editor\" data-offset-key=\"82hkp-0-0\">\n<div class=\"public-DraftStyleDefault-block public-DraftStyleDefault-ltr\" data-offset-key=\"82hkp-0-0\"><span data-offset-key=\"82hkp-0-0\">Decimos que practicamos para estar en paz en situaciones adversas<\/span><span data-offset-key=\"82hkp-0-1\">; pues bien, pocas lo son tanto como una habitaci\u00f3n fr\u00eda (usualmente), con cientos de personas cargadas de expectativas y con miradas pendientes del m\u00e1s m\u00ednimo error (y c\u00e1maras para inmortalizarlos). <\/span><\/div>\n<\/div>\n<div class=\"_25Ehb _3qYRK Oh89J public-DraftStyleDefault-block-depth0 public-DraftStyleDefault-text-ltr fixed-tab-size rich_content_P\" data-block=\"true\" data-editor=\"editor\" data-offset-key=\"dcrbs-0-0\">\n<div class=\"public-DraftStyleDefault-block public-DraftStyleDefault-ltr\" data-offset-key=\"dcrbs-0-0\"><span data-offset-key=\"dcrbs-0-0\">\u00a0<\/span><\/div>\n<\/div>\n<div class=\"_25Ehb _3qYRK Oh89J public-DraftStyleDefault-block-depth0 public-DraftStyleDefault-text-ltr fixed-tab-size rich_content_P\" data-block=\"true\" data-editor=\"editor\" data-offset-key=\"6h2l-0-0\">\n<div class=\"public-DraftStyleDefault-block public-DraftStyleDefault-ltr\" data-offset-key=\"6h2l-0-0\"><span data-offset-key=\"6h2l-0-0\">Es profundamente interesante observar todo lo que nos pasa en los 3 minutos que dura la ejecuci\u00f3n de la rutina de posturas en la Copa, los pensamientos que intentan colarse, el cuerpo que a veces no responde como quisi\u00e9ramos. <\/span><\/div>\n<\/div>\n<div class=\"_25Ehb _3qYRK Oh89J public-DraftStyleDefault-block-depth0 public-DraftStyleDefault-text-ltr fixed-tab-size rich_content_P\" data-block=\"true\" data-editor=\"editor\" data-offset-key=\"7drsr-0-0\">\n<div class=\"public-DraftStyleDefault-block public-DraftStyleDefault-ltr\" data-offset-key=\"7drsr-0-0\"><span data-offset-key=\"7drsr-0-0\">\u00a0<\/span><\/div>\n<\/div>\n<div class=\"_25Ehb _3qYRK Oh89J public-DraftStyleDefault-block-depth0 public-DraftStyleDefault-text-ltr fixed-tab-size rich_content_P\" data-block=\"true\" data-editor=\"editor\" data-offset-key=\"fmk6a-0-0\">\n<div class=\"public-DraftStyleDefault-block public-DraftStyleDefault-ltr\" data-offset-key=\"fmk6a-0-0\"><span data-offset-key=\"fmk6a-0-0\">La participaci\u00f3n en la Copa Mexicana de Yoga es una celebraci\u00f3n del instante presente, nom\u00e1s por ser y estar, m\u00e1s all\u00e1 de tus capacidades f\u00edsicas. <\/span><span data-offset-key=\"fmk6a-0-1\">Las competencias pueden ser un detonante para que asumas con mayor fervor tu pr\u00e1ctica<\/span><span data-offset-key=\"fmk6a-0-2\">, no a trav\u00e9s de entrenamientos intensivos de dos meses previos a las competencias, seguidos de per\u00edodos de inconstancia y abandono, sino con <\/span><span data-offset-key=\"fmk6a-0-3\">una pr\u00e1ctica continua, disciplinada, enfocada en el reconocimiento del instante presente del cuerpo y de la mente.<\/span><\/div>\n<\/div>\n<div class=\"_25Ehb _3qYRK Oh89J public-DraftStyleDefault-block-depth0 public-DraftStyleDefault-text-ltr fixed-tab-size rich_content_P\" data-block=\"true\" data-editor=\"editor\" data-offset-key=\"9t0f2-0-0\">\n<div class=\"public-DraftStyleDefault-block public-DraftStyleDefault-ltr\" data-offset-key=\"9t0f2-0-0\"><span data-offset-key=\"9t0f2-0-0\">\u00a0<\/span><\/div>\n<\/div>\n<div class=\"_25Ehb _3qYRK Oh89J public-DraftStyleDefault-block-depth0 public-DraftStyleDefault-text-ltr fixed-tab-size rich_content_P\" data-block=\"true\" data-editor=\"editor\" data-offset-key=\"7os7t-0-0\">\n<div class=\"public-DraftStyleDefault-block public-DraftStyleDefault-ltr\" data-offset-key=\"7os7t-0-0\"><span data-offset-key=\"7os7t-0-0\">\u00a1Participa en la 7\u00aa Copa Mexicana de Yoga! Inscr\u00edbete ya en:<\/span><\/div>\n<\/div>\n<div class=\"_25Ehb _3qYRK Oh89J public-DraftStyleDefault-block-depth0 public-DraftStyleDefault-text-ltr fixed-tab-size rich_content_P\" data-block=\"true\" data-editor=\"editor\" data-offset-key=\"1h2jf-0-0\">\n<div class=\"public-DraftStyleDefault-block public-DraftStyleDefault-ltr\" data-offset-key=\"1h2jf-0-0\"><a class=\"_3Bkfb _1lsz7\" href=\"http:\/\/www.eventbrite.com.mx\/e\/7a-copa-mexicana-de-yoga-registro-competidores-registration-63586613272\" target=\"_blank\" rel=\"noopener noreferrer\" data-hook=\"linkViewer\"><span data-offset-key=\"1h2jf-0-0\">www.eventbrite.com.mx\/e\/7a-copa-mexicana-de-yoga-registro-competidores-registration-63586613272<\/span><\/a><\/div>\n<\/div>\n<div class=\"_25Ehb _3qYRK Oh89J public-DraftStyleDefault-block-depth0 public-DraftStyleDefault-text-ltr fixed-tab-size rich_content_P\" data-block=\"true\" data-editor=\"editor\" data-offset-key=\"fpj1g-0-0\">\n<div class=\"public-DraftStyleDefault-block public-DraftStyleDefault-ltr\" data-offset-key=\"fpj1g-0-0\"><span data-offset-key=\"fpj1g-0-0\">\u00a0<\/span><\/div>\n<\/div>\n<div class=\"_25Ehb _3qYRK Oh89J public-DraftStyleDefault-block-depth0 public-DraftStyleDefault-text-ltr fixed-tab-size rich_content_P\" data-block=\"true\" data-editor=\"editor\" data-offset-key=\"91ulr-0-0\">\n<div class=\"public-DraftStyleDefault-block public-DraftStyleDefault-ltr\" data-offset-key=\"91ulr-0-0\"><span data-offset-key=\"91ulr-0-0\">Este evento tendr\u00e1 lugar el pr\u00f3ximo 7 de septiembre de 2019 en el Gimnasio Ol\u00edmpico Juan de la Barrera. \u00a1No te lo puedes perder!<\/span><\/div>\n<\/div>\n<\/div>\n","protected":false},"excerpt":{"rendered":"<p>\u00bfSab\u00edas que los campeonatos o competencias de yoga se realizan regularmente desde tiempos inmemoriales en India? \u00a0 El esp\u00edritu competitivo [&hellip;]<\/p>\n","protected":false},"author":2,"featured_media":3392,"comment_status":"open","ping_status":"open","sticky":false,"template":"","format":"standard","meta":[],"categories":[33],"tags":[],"yoast_head":"<!-- This site is optimized with the Yoast SEO plugin v20.4 - https:\/\/yoast.com\/wordpress\/plugins\/seo\/ -->\n<title>La Copa Mexicana de Yoga - Blog Fitpass<\/title>\n<meta name=\"description\" content=\"\u00bfSab\u00edas que los campeonatos o competencias de yoga se realizan regularmente desde tiempos inmemoriales en India? El esp\u00edritu competitivo est\u00e1 presente en el Bhagavad Gita y ha inspirado a los organizadores a continuar realiz\u00e1ndolas hasta nuestros d\u00edas. En Am\u00e9rica, todo comenz\u00f3 en el 2003, por iniciativa de Bikram Choudhury y Rajashree Choudhury, quienes organizaron la Copa de Yoga Bishnu Charan Ghosh, en honor al gur\u00fa de ambos y hermano de Paramahansa Yogananda. Constituyeron la International Yo\" \/>\n<meta name=\"robots\" content=\"index, follow, max-snippet:-1, max-image-preview:large, max-video-preview:-1\" \/>\n<link rel=\"canonical\" href=\"https:\/\/www.fitpass.com\/mx\/blog\/2019\/07\/17\/la-copa-mexicana-de-yoga\/\" \/>\n<meta property=\"og:locale\" content=\"es_MX\" \/>\n<meta property=\"og:type\" content=\"article\" \/>\n<meta property=\"og:title\" content=\"La Copa Mexicana de Yoga - Blog Fitpass\" \/>\n<meta property=\"og:description\" content=\"\u00bfSab\u00edas que los campeonatos o competencias de yoga se realizan regularmente desde tiempos inmemoriales en India? El esp\u00edritu competitivo est\u00e1 presente en el Bhagavad Gita y ha inspirado a los organizadores a continuar realiz\u00e1ndolas hasta nuestros d\u00edas. En Am\u00e9rica, todo comenz\u00f3 en el 2003, por iniciativa de Bikram Choudhury y Rajashree Choudhury, quienes organizaron la Copa de Yoga Bishnu Charan Ghosh, en honor al gur\u00fa de ambos y hermano de Paramahansa Yogananda. Constituyeron la International Yo\" \/>\n<meta property=\"og:url\" content=\"https:\/\/www.fitpass.com\/mx\/blog\/2019\/07\/17\/la-copa-mexicana-de-yoga\/\" \/>\n<meta property=\"og:site_name\" content=\"Blog Fitpass\" \/>\n<meta property=\"article:published_time\" content=\"2019-07-17T15:34:25+00:00\" \/>\n<meta property=\"article:modified_time\" content=\"2023-01-05T15:33:31+00:00\" \/>\n<meta property=\"og:image\" content=\"https:\/\/www.fitpass.com\/mx\/blog\/wp-content\/uploads\/2022\/12\/21b498_1d17de78f9604f779faac63487c2d5demv2.webp\" \/>\n\t<meta property=\"og:image:width\" content=\"568\" \/>\n\t<meta property=\"og:image:height\" content=\"515\" \/>\n\t<meta property=\"og:image:type\" content=\"image\/webp\" \/>\n<meta name=\"author\" content=\"Fitpass\" \/>\n<meta name=\"twitter:card\" content=\"summary_large_image\" \/>\n<meta name=\"twitter:label1\" content=\"Escrito por\" \/>\n\t<meta name=\"twitter:data1\" content=\"Fitpass\" \/>\n\t<meta name=\"twitter:label2\" content=\"Tiempo de lectura\" \/>\n\t<meta name=\"twitter:data2\" content=\"3 minutos\" \/>\n<script type=\"application\/ld+json\" class=\"yoast-schema-graph\">{\"@context\":\"https:\/\/schema.org\",\"@graph\":[{\"@type\":\"WebPage\",\"@id\":\"https:\/\/www.fitpass.com\/mx\/blog\/2019\/07\/17\/la-copa-mexicana-de-yoga\/\",\"url\":\"https:\/\/www.fitpass.com\/mx\/blog\/2019\/07\/17\/la-copa-mexicana-de-yoga\/\",\"name\":\"La Copa Mexicana de Yoga - Blog Fitpass\",\"isPartOf\":{\"@id\":\"https:\/\/www.fitpass.com\/mx\/blog\/#website\"},\"datePublished\":\"2019-07-17T15:34:25+00:00\",\"dateModified\":\"2023-01-05T15:33:31+00:00\",\"author\":{\"@id\":\"https:\/\/www.fitpass.com\/mx\/blog\/#\/schema\/person\/b01908891743dbd2fc930eb863890c3c\"},\"description\":\"\u00bfSab\u00edas que los campeonatos o competencias de yoga se realizan regularmente desde tiempos inmemoriales en India? El esp\u00edritu competitivo est\u00e1 presente en el Bhagavad Gita y ha inspirado a los organizadores a continuar realiz\u00e1ndolas hasta nuestros d\u00edas. En Am\u00e9rica, todo comenz\u00f3 en el 2003, por iniciativa de Bikram Choudhury y Rajashree Choudhury, quienes organizaron la Copa de Yoga Bishnu Charan Ghosh, en honor al gur\u00fa de ambos y hermano de Paramahansa Yogananda. Constituyeron la International Yo\",\"breadcrumb\":{\"@id\":\"https:\/\/www.fitpass.com\/mx\/blog\/2019\/07\/17\/la-copa-mexicana-de-yoga\/#breadcrumb\"},\"inLanguage\":\"es-MX\",\"potentialAction\":[{\"@type\":\"ReadAction\",\"target\":[\"https:\/\/www.fitpass.com\/mx\/blog\/2019\/07\/17\/la-copa-mexicana-de-yoga\/\"]}]},{\"@type\":\"BreadcrumbList\",\"@id\":\"https:\/\/www.fitpass.com\/mx\/blog\/2019\/07\/17\/la-copa-mexicana-de-yoga\/#breadcrumb\",\"itemListElement\":[{\"@type\":\"ListItem\",\"position\":1,\"name\":\"Inicio\",\"item\":\"https:\/\/www.fitpass.com\/mx\/blog\/\"},{\"@type\":\"ListItem\",\"position\":2,\"name\":\"La Copa Mexicana de Yoga\"}]},{\"@type\":\"WebSite\",\"@id\":\"https:\/\/www.fitpass.com\/mx\/blog\/#website\",\"url\":\"https:\/\/www.fitpass.com\/mx\/blog\/\",\"name\":\"Blog Fitpass\",\"description\":\"\",\"potentialAction\":[{\"@type\":\"SearchAction\",\"target\":{\"@type\":\"EntryPoint\",\"urlTemplate\":\"https:\/\/www.fitpass.com\/mx\/blog\/?s={search_term_string}\"},\"query-input\":\"required name=search_term_string\"}],\"inLanguage\":\"es-MX\"},{\"@type\":\"Person\",\"@id\":\"https:\/\/www.fitpass.com\/mx\/blog\/#\/schema\/person\/b01908891743dbd2fc930eb863890c3c\",\"name\":\"Fitpass\",\"image\":{\"@type\":\"ImageObject\",\"inLanguage\":\"es-MX\",\"@id\":\"https:\/\/www.fitpass.com\/mx\/blog\/#\/schema\/person\/image\/\",\"url\":\"https:\/\/secure.gravatar.com\/avatar\/d6e7c090ed2ddfcf32d02d53a1c812b3?s=96&d=mm&r=g\",\"contentUrl\":\"https:\/\/secure.gravatar.com\/avatar\/d6e7c090ed2ddfcf32d02d53a1c812b3?s=96&d=mm&r=g\",\"caption\":\"Fitpass\"},\"url\":\"https:\/\/www.fitpass.com\/mx\/blog\/author\/fitpass\/\"}]}<\/script>\n<!-- \/ Yoast SEO plugin. -->","yoast_head_json":{"title":"La Copa Mexicana de Yoga - Blog Fitpass","description":"\u00bfSab\u00edas que los campeonatos o competencias de yoga se realizan regularmente desde tiempos inmemoriales en India? El esp\u00edritu competitivo est\u00e1 presente en el Bhagavad Gita y ha inspirado a los organizadores a continuar realiz\u00e1ndolas hasta nuestros d\u00edas. En Am\u00e9rica, todo comenz\u00f3 en el 2003, por iniciativa de Bikram Choudhury y Rajashree Choudhury, quienes organizaron la Copa de Yoga Bishnu Charan Ghosh, en honor al gur\u00fa de ambos y hermano de Paramahansa Yogananda. Constituyeron la International Yo","robots":{"index":"index","follow":"follow","max-snippet":"max-snippet:-1","max-image-preview":"max-image-preview:large","max-video-preview":"max-video-preview:-1"},"canonical":"https:\/\/www.fitpass.com\/mx\/blog\/2019\/07\/17\/la-copa-mexicana-de-yoga\/","og_locale":"es_MX","og_type":"article","og_title":"La Copa Mexicana de Yoga - Blog Fitpass","og_description":"\u00bfSab\u00edas que los campeonatos o competencias de yoga se realizan regularmente desde tiempos inmemoriales en India? El esp\u00edritu competitivo est\u00e1 presente en el Bhagavad Gita y ha inspirado a los organizadores a continuar realiz\u00e1ndolas hasta nuestros d\u00edas. En Am\u00e9rica, todo comenz\u00f3 en el 2003, por iniciativa de Bikram Choudhury y Rajashree Choudhury, quienes organizaron la Copa de Yoga Bishnu Charan Ghosh, en honor al gur\u00fa de ambos y hermano de Paramahansa Yogananda. Constituyeron la International Yo","og_url":"https:\/\/www.fitpass.com\/mx\/blog\/2019\/07\/17\/la-copa-mexicana-de-yoga\/","og_site_name":"Blog Fitpass","article_published_time":"2019-07-17T15:34:25+00:00","article_modified_time":"2023-01-05T15:33:31+00:00","og_image":[{"width":568,"height":515,"url":"https:\/\/www.fitpass.com\/mx\/blog\/wp-content\/uploads\/2022\/12\/21b498_1d17de78f9604f779faac63487c2d5demv2.webp","type":"image\/webp"}],"author":"Fitpass","twitter_card":"summary_large_image","twitter_misc":{"Escrito por":"Fitpass","Tiempo de lectura":"3 minutos"},"schema":{"@context":"https:\/\/schema.org","@graph":[{"@type":"WebPage","@id":"https:\/\/www.fitpass.com\/mx\/blog\/2019\/07\/17\/la-copa-mexicana-de-yoga\/","url":"https:\/\/www.fitpass.com\/mx\/blog\/2019\/07\/17\/la-copa-mexicana-de-yoga\/","name":"La Copa Mexicana de Yoga - Blog Fitpass","isPartOf":{"@id":"https:\/\/www.fitpass.com\/mx\/blog\/#website"},"datePublished":"2019-07-17T15:34:25+00:00","dateModified":"2023-01-05T15:33:31+00:00","author":{"@id":"https:\/\/www.fitpass.com\/mx\/blog\/#\/schema\/person\/b01908891743dbd2fc930eb863890c3c"},"description":"\u00bfSab\u00edas que los campeonatos o competencias de yoga se realizan regularmente desde tiempos inmemoriales en India? El esp\u00edritu competitivo est\u00e1 presente en el Bhagavad Gita y ha inspirado a los organizadores a continuar realiz\u00e1ndolas hasta nuestros d\u00edas. En Am\u00e9rica, todo comenz\u00f3 en el 2003, por iniciativa de Bikram Choudhury y Rajashree Choudhury, quienes organizaron la Copa de Yoga Bishnu Charan Ghosh, en honor al gur\u00fa de ambos y hermano de Paramahansa Yogananda. Constituyeron la International Yo","breadcrumb":{"@id":"https:\/\/www.fitpass.com\/mx\/blog\/2019\/07\/17\/la-copa-mexicana-de-yoga\/#breadcrumb"},"inLanguage":"es-MX","potentialAction":[{"@type":"ReadAction","target":["https:\/\/www.fitpass.com\/mx\/blog\/2019\/07\/17\/la-copa-mexicana-de-yoga\/"]}]},{"@type":"BreadcrumbList","@id":"https:\/\/www.fitpass.com\/mx\/blog\/2019\/07\/17\/la-copa-mexicana-de-yoga\/#breadcrumb","itemListElement":[{"@type":"ListItem","position":1,"name":"Inicio","item":"https:\/\/www.fitpass.com\/mx\/blog\/"},{"@type":"ListItem","position":2,"name":"La Copa Mexicana de Yoga"}]},{"@type":"WebSite","@id":"https:\/\/www.fitpass.com\/mx\/blog\/#website","url":"https:\/\/www.fitpass.com\/mx\/blog\/","name":"Blog Fitpass","description":"","potentialAction":[{"@type":"SearchAction","target":{"@type":"EntryPoint","urlTemplate":"https:\/\/www.fitpass.com\/mx\/blog\/?s={search_term_string}"},"query-input":"required name=search_term_string"}],"inLanguage":"es-MX"},{"@type":"Person","@id":"https:\/\/www.fitpass.com\/mx\/blog\/#\/schema\/person\/b01908891743dbd2fc930eb863890c3c","name":"Fitpass","image":{"@type":"ImageObject","inLanguage":"es-MX","@id":"https:\/\/www.fitpass.com\/mx\/blog\/#\/schema\/person\/image\/","url":"https:\/\/secure.gravatar.com\/avatar\/d6e7c090ed2ddfcf32d02d53a1c812b3?s=96&d=mm&r=g","contentUrl":"https:\/\/secure.gravatar.com\/avatar\/d6e7c090ed2ddfcf32d02d53a1c812b3?s=96&d=mm&r=g","caption":"Fitpass"},"url":"https:\/\/www.fitpass.com\/mx\/blog\/author\/fitpass\/"}]}},"_links":{"self":[{"href":"https:\/\/www.fitpass.com\/mx\/blog\/wp-json\/wp\/v2\/posts\/3390"}],"collection":[{"href":"https:\/\/www.fitpass.com\/mx\/blog\/wp-json\/wp\/v2\/posts"}],"about":[{"href":"https:\/\/www.fitpass.com\/mx\/blog\/wp-json\/wp\/v2\/types\/post"}],"author":[{"embeddable":true,"href":"https:\/\/www.fitpass.com\/mx\/blog\/wp-json\/wp\/v2\/users\/2"}],"replies":[{"embeddable":true,"href":"https:\/\/www.fitpass.com\/mx\/blog\/wp-json\/wp\/v2\/comments?post=3390"}],"version-history":[{"count":1,"href":"https:\/\/www.fitpass.com\/mx\/blog\/wp-json\/wp\/v2\/posts\/3390\/revisions"}],"predecessor-version":[{"id":3393,"href":"https:\/\/www.fitpass.com\/mx\/blog\/wp-json\/wp\/v2\/posts\/3390\/revisions\/3393"}],"wp:featuredmedia":[{"embeddable":true,"href":"https:\/\/www.fitpass.com\/mx\/blog\/wp-json\/wp\/v2\/media\/3392"}],"wp:attachment":[{"href":"https:\/\/www.fitpass.com\/mx\/blog\/wp-json\/wp\/v2\/media?parent=3390"}],"wp:term":[{"taxonomy":"category","embeddable":true,"href":"https:\/\/www.fitpass.com\/mx\/blog\/wp-json\/wp\/v2\/categories?post=3390"},{"taxonomy":"post_tag","embeddable":true,"href":"https:\/\/www.fitpass.com\/mx\/blog\/wp-json\/wp\/v2\/tags?post=3390"}],"curies":[{"name":"wp","href":"https:\/\/api.w.org\/{rel}","templated":true}]}}